{"id":10241,"date":"2020-06-20T10:00:36","date_gmt":"2020-06-20T09:00:36","guid":{"rendered":"http:\/\/prvimaj.hr\/?p=10241"},"modified":"2020-06-24T06:36:48","modified_gmt":"2020-06-24T05:36:48","slug":"mobilno-reciklazno-dvoriste-stize-u-barbici-i-sv-bartul-pocetkom-tjedna","status":"publish","type":"post","link":"https:\/\/prvimaj.hr\/?p=10241","title":{"rendered":"Mobilno recikla\u017eno dvori\u0161te sti\u017ee u Barbi\u0107i i Sv.Bartul po\u010detkom tjedna"},"content":{"rendered":"<p><a href=\"https:\/\/prvimaj.hr\/?attachment_id=9421\" rel=\"attachment wp-att-9421\"><img loading=\"lazy\" class=\"alignnone wp-image-9421\" src=\"https:\/\/prvimaj.hr\/wp-content\/uploads\/2020\/02\/MRD-bo\u010dno.jpg\" alt=\"\" width=\"244\" height=\"188\" srcset=\"https:\/\/prvimaj.hr\/wp-content\/uploads\/2020\/02\/MRD-bo\u010dno.jpg 862w, https:\/\/prvimaj.hr\/wp-content\/uploads\/2020\/02\/MRD-bo\u010dno-300x231.jpg 300w, https:\/\/prvimaj.hr\/wp-content\/uploads\/2020\/02\/MRD-bo\u010dno-768x591.jpg 768w, https:\/\/prvimaj.hr\/wp-content\/uploads\/2020\/02\/MRD-bo\u010dno-150x115.jpg 150w\" sizes=\"(max-width: 244px) 100vw, 244px\" \/><\/a><\/p>\n<p><strong>Mobilno recikla\u017eno dvori\u0161te<\/strong>\u00a0biti \u0107e u <strong>utorak<\/strong>\u00a0(23.6.2020.), postavljeno u <strong>Barbi\u0107ima<\/strong>. Radno vrijeme je\u00a0<strong>od 10,00 do 17,00 sati<\/strong>, a za gra\u0111ane je predaja otpada\u00a0<strong>besplatna<\/strong>. Snala\u017eenje olak\u0161ava radnik\u00a0<strong>1.MAJ<\/strong>-a koji de\u017eura kraj MRD-a. Dopu\u0161teno je odlo\u017eiti\u00a0krupni otpad iz ku\u0107anstva, ve\u0107e komade plastike i kartona, namje\u0161taj, ku\u0107anske ure\u0111aje, zrcala, staklo, \u017earulje, otpadna ulja, stare baterije, gume, opasne ambala\u017ee i sl. U srijedu (24.6.2020.) mobilno recikla\u017eno dvori\u0161te mo\u0107i \u0107e te prona\u0107i u <strong>Sv.Bartulu<\/strong>, kraj \u201czelenog otoka\u201d na ulazu u naselje.<\/p>\n","protected":false},"excerpt":{"rendered":"<p>Mobilno recikla\u017eno dvori\u0161te\u00a0biti \u0107e u utorak\u00a0(23.6.2020.), postavljeno u Barbi\u0107ima. Radno vrijeme je\u00a0od 10,00 do 17,00 sati, a za gra\u0111ane je predaja otpada\u00a0besplatna. Snala\u017eenje olak\u0161ava radnik\u00a01.MAJ-a koji de\u017eura kraj MRD-a. Dopu\u0161teno je odlo\u017eiti\u00a0krupni otpad iz ku\u0107anstva, ve\u0107e komade plastike i kartona, namje\u0161taj, ku\u0107anske ure\u0111aje, zrcala, staklo, \u017earulje, otpadna ulja, stare baterije, gume, opasne ambala\u017ee i sl. [&hellip;]<\/p>\n","protected":false},"author":2,"featured_media":0,"comment_status":"closed","ping_status":"closed","sticky":false,"template":"","format":"standard","meta":[],"categories":[2],"tags":[],"_links":{"self":[{"href":"https:\/\/prvimaj.hr\/index.php?rest_route=\/wp\/v2\/posts\/10241"}],"collection":[{"href":"https:\/\/prvimaj.hr\/index.php?rest_route=\/wp\/v2\/posts"}],"about":[{"href":"https:\/\/prvimaj.hr\/index.php?rest_route=\/wp\/v2\/types\/post"}],"author":[{"embeddable":true,"href":"https:\/\/prvimaj.hr\/index.php?rest_route=\/wp\/v2\/users\/2"}],"replies":[{"embeddable":true,"href":"https:\/\/prvimaj.hr\/index.php?rest_route=%2Fwp%2Fv2%2Fcomments&post=10241"}],"version-history":[{"count":2,"href":"https:\/\/prvimaj.hr\/index.php?rest_route=\/wp\/v2\/posts\/10241\/revisions"}],"predecessor-version":[{"id":10243,"href":"https:\/\/prvimaj.hr\/index.php?rest_route=\/wp\/v2\/posts\/10241\/revisions\/10243"}],"wp:attachment":[{"href":"https:\/\/prvimaj.hr\/index.php?rest_route=%2Fwp%2Fv2%2Fmedia&parent=10241"}],"wp:term":[{"taxonomy":"category","embeddable":true,"href":"https:\/\/prvimaj.hr\/index.php?rest_route=%2Fwp%2Fv2%2Fcategories&post=10241"},{"taxonomy":"post_tag","embeddable":true,"href":"https:\/\/prvimaj.hr\/index.php?rest_route=%2Fwp%2Fv2%2Ftags&post=10241"}],"curies":[{"name":"wp","href":"https:\/\/api.w.org\/{rel}","templated":true}]}}