{"id":11064,"date":"2020-10-15T06:34:05","date_gmt":"2020-10-15T05:34:05","guid":{"rendered":"http:\/\/prvimaj.hr\/?p=11064"},"modified":"2020-10-16T06:08:35","modified_gmt":"2020-10-16T05:08:35","slug":"mobilno-reciklazno-dvoriste-u-petak-i-subotu-u-picnu","status":"publish","type":"post","link":"https:\/\/prvimaj.hr\/?p=11064","title":{"rendered":"Mobilno recikla\u017eno dvori\u0161te u petak i subotu u Pi\u0107nu"},"content":{"rendered":"<p><a href=\"https:\/\/prvimaj.hr\/?attachment_id=11065\" rel=\"attachment wp-att-11065\"><img loading=\"lazy\" class=\"alignnone wp-image-11065\" src=\"https:\/\/prvimaj.hr\/wp-content\/uploads\/2020\/10\/Pi\u0107an.jpg\" alt=\"\" width=\"183\" height=\"120\" srcset=\"https:\/\/prvimaj.hr\/wp-content\/uploads\/2020\/10\/Pi\u0107an.jpg 1000w, https:\/\/prvimaj.hr\/wp-content\/uploads\/2020\/10\/Pi\u0107an-300x197.jpg 300w, https:\/\/prvimaj.hr\/wp-content\/uploads\/2020\/10\/Pi\u0107an-768x503.jpg 768w, https:\/\/prvimaj.hr\/wp-content\/uploads\/2020\/10\/Pi\u0107an-150x98.jpg 150w\" sizes=\"(max-width: 183px) 100vw, 183px\" \/><\/a><\/p>\n<p><strong>Mobilno recikla\u017eno dvori\u0161te<\/strong>\u00a0(MRD) biti \u0107e u <strong>petak i subotu<\/strong>\u00a0(16. i 17.10.2020.), postavljeno u\u00a0<strong>Pi\u0107nu <\/strong>na ulazu u naselje. Radno vrijeme je\u00a0<strong>od 9,00 do 16,00 sati<\/strong>, a za gra\u0111ane je predaja otpada\u00a0<strong>besplatna<\/strong>. Snala\u017eenje olak\u0161ava radnik\u00a0<strong>1.MAJ<\/strong>-a koji de\u017eura kraj MRD-a. Dopu\u0161teno je odlo\u017eiti\u00a0krupni otpad iz ku\u0107anstva, ve\u0107e komade plastike i kartona, namje\u0161taj, ku\u0107anske ure\u0111aje, zrcala, staklo, \u017earulje, otpadna ulja, stare baterije, gume, opasne ambala\u017ee i sl. Po\u010detkom idu\u0107eg tjedna jo\u0161 su dvije lokacije u planu: <strong>Tupljak<\/strong> i <strong>\u0160vi\u0107i<\/strong>.<\/p>\n<p><!--more--><\/p>\n<p><a href=\"https:\/\/prvimaj.hr\/?attachment_id=10950\" rel=\"attachment wp-att-10950\"><img loading=\"lazy\" class=\"alignnone size-full wp-image-10950\" src=\"https:\/\/prvimaj.hr\/wp-content\/uploads\/2020\/10\/MRD-Pi\u0107an-2020-listopad-1.jpg\" alt=\"\" width=\"564\" height=\"191\" srcset=\"https:\/\/prvimaj.hr\/wp-content\/uploads\/2020\/10\/MRD-Pi\u0107an-2020-listopad-1.jpg 564w, https:\/\/prvimaj.hr\/wp-content\/uploads\/2020\/10\/MRD-Pi\u0107an-2020-listopad-1-300x102.jpg 300w, https:\/\/prvimaj.hr\/wp-content\/uploads\/2020\/10\/MRD-Pi\u0107an-2020-listopad-1-150x51.jpg 150w\" sizes=\"(max-width: 564px) 100vw, 564px\" \/><\/a><\/p>\n","protected":false},"excerpt":{"rendered":"<p>Mobilno recikla\u017eno dvori\u0161te\u00a0(MRD) biti \u0107e u petak i subotu\u00a0(16. i 17.10.2020.), postavljeno u\u00a0Pi\u0107nu na ulazu u naselje. Radno vrijeme je\u00a0od 9,00 do 16,00 sati, a za gra\u0111ane je predaja otpada\u00a0besplatna. Snala\u017eenje olak\u0161ava radnik\u00a01.MAJ-a koji de\u017eura kraj MRD-a. Dopu\u0161teno je odlo\u017eiti\u00a0krupni otpad iz ku\u0107anstva, ve\u0107e komade plastike i kartona, namje\u0161taj, ku\u0107anske ure\u0111aje, zrcala, staklo, \u017earulje, otpadna [&hellip;]<\/p>\n","protected":false},"author":2,"featured_media":0,"comment_status":"closed","ping_status":"closed","sticky":false,"template":"","format":"standard","meta":[],"categories":[2],"tags":[],"_links":{"self":[{"href":"https:\/\/prvimaj.hr\/index.php?rest_route=\/wp\/v2\/posts\/11064"}],"collection":[{"href":"https:\/\/prvimaj.hr\/index.php?rest_route=\/wp\/v2\/posts"}],"about":[{"href":"https:\/\/prvimaj.hr\/index.php?rest_route=\/wp\/v2\/types\/post"}],"author":[{"embeddable":true,"href":"https:\/\/prvimaj.hr\/index.php?rest_route=\/wp\/v2\/users\/2"}],"replies":[{"embeddable":true,"href":"https:\/\/prvimaj.hr\/index.php?rest_route=%2Fwp%2Fv2%2Fcomments&post=11064"}],"version-history":[{"count":2,"href":"https:\/\/prvimaj.hr\/index.php?rest_route=\/wp\/v2\/posts\/11064\/revisions"}],"predecessor-version":[{"id":11067,"href":"https:\/\/prvimaj.hr\/index.php?rest_route=\/wp\/v2\/posts\/11064\/revisions\/11067"}],"wp:attachment":[{"href":"https:\/\/prvimaj.hr\/index.php?rest_route=%2Fwp%2Fv2%2Fmedia&parent=11064"}],"wp:term":[{"taxonomy":"category","embeddable":true,"href":"https:\/\/prvimaj.hr\/index.php?rest_route=%2Fwp%2Fv2%2Fcategories&post=11064"},{"taxonomy":"post_tag","embeddable":true,"href":"https:\/\/prvimaj.hr\/index.php?rest_route=%2Fwp%2Fv2%2Ftags&post=11064"}],"curies":[{"name":"wp","href":"https:\/\/api.w.org\/{rel}","templated":true}]}}