{"id":11293,"date":"2020-10-31T18:00:28","date_gmt":"2020-10-31T17:00:28","guid":{"rendered":"http:\/\/prvimaj.hr\/?p=11293"},"modified":"2020-11-02T10:58:51","modified_gmt":"2020-11-02T09:58:51","slug":"mobilno-reciklazno-dvoriste-od-ponedjeljka-do-srijede-u-plominu","status":"publish","type":"post","link":"https:\/\/prvimaj.hr\/?p=11293","title":{"rendered":"Mobilno recikla\u017eno dvori\u0161te od ponedjeljka do srijede u Plominu"},"content":{"rendered":"<p><img loading=\"lazy\" class=\"\" src=\"https:\/\/prvimaj.hr\/wp-content\/uploads\/2019\/03\/Plomin_MRD.jpg\" width=\"357\" height=\"157\" \/><\/p>\n<p>Mobilno recikla\u017eno dvori\u0161te biti \u0107e postavljeno od ponedjeljka do srijede\u00a0(2.-4.11.2020.) u <strong>Plominu<\/strong>\u00a0kraj groblja.\u00a0Radno vrijeme je\u00a0<strong>od 9,00 do 16,00<\/strong>\u00a0sati. Kraj MRD-a de\u017eura radnik\u00a0<strong>1.MAJ<\/strong>-a, pa je upotreba MRD-a vrlo jednostavna. Ujedno, predaja otpada je\u00a0<strong>besplatna<\/strong>. Napominjemo da nije dopu\u0161teno nositi mije\u0161ani komunalni otpad iz ku\u0107anstva.\u00a0Dopu\u0161teno je odlo\u017eiti\u00a0krupni otpad iz ku\u0107anstva, ve\u0107e komade plastike i kartona, namje\u0161taj, ku\u0107anske ure\u0111aje, zrcala, staklo, \u017earulje, otpadna ulja, stare baterije, gume, opasne ambala\u017ee i sl. U nastavku tjedna mobilno recikla\u017eno dvori\u0161te seli u Vozili\u0107i.<\/p>\n<p><!--more--><\/p>\n<p><a href=\"https:\/\/prvimaj.hr\/?attachment_id=11157\" rel=\"attachment wp-att-11157\"><img loading=\"lazy\" class=\"alignnone size-full wp-image-11157\" src=\"https:\/\/prvimaj.hr\/wp-content\/uploads\/2020\/10\/Raspored-MRD-Kr\u0161an-listopad-2020.jpg\" alt=\"\" width=\"711\" height=\"421\" srcset=\"https:\/\/prvimaj.hr\/wp-content\/uploads\/2020\/10\/Raspored-MRD-Kr\u0161an-listopad-2020.jpg 711w, https:\/\/prvimaj.hr\/wp-content\/uploads\/2020\/10\/Raspored-MRD-Kr\u0161an-listopad-2020-300x178.jpg 300w, https:\/\/prvimaj.hr\/wp-content\/uploads\/2020\/10\/Raspored-MRD-Kr\u0161an-listopad-2020-150x89.jpg 150w\" sizes=\"(max-width: 711px) 100vw, 711px\" \/><\/a><\/p>\n","protected":false},"excerpt":{"rendered":"<p>Mobilno recikla\u017eno dvori\u0161te biti \u0107e postavljeno od ponedjeljka do srijede\u00a0(2.-4.11.2020.) u Plominu\u00a0kraj groblja.\u00a0Radno vrijeme je\u00a0od 9,00 do 16,00\u00a0sati. Kraj MRD-a de\u017eura radnik\u00a01.MAJ-a, pa je upotreba MRD-a vrlo jednostavna. Ujedno, predaja otpada je\u00a0besplatna. Napominjemo da nije dopu\u0161teno nositi mije\u0161ani komunalni otpad iz ku\u0107anstva.\u00a0Dopu\u0161teno je odlo\u017eiti\u00a0krupni otpad iz ku\u0107anstva, ve\u0107e komade plastike i kartona, namje\u0161taj, ku\u0107anske ure\u0111aje, [&hellip;]<\/p>\n","protected":false},"author":2,"featured_media":0,"comment_status":"closed","ping_status":"closed","sticky":false,"template":"","format":"standard","meta":[],"categories":[2],"tags":[],"_links":{"self":[{"href":"https:\/\/prvimaj.hr\/index.php?rest_route=\/wp\/v2\/posts\/11293"}],"collection":[{"href":"https:\/\/prvimaj.hr\/index.php?rest_route=\/wp\/v2\/posts"}],"about":[{"href":"https:\/\/prvimaj.hr\/index.php?rest_route=\/wp\/v2\/types\/post"}],"author":[{"embeddable":true,"href":"https:\/\/prvimaj.hr\/index.php?rest_route=\/wp\/v2\/users\/2"}],"replies":[{"embeddable":true,"href":"https:\/\/prvimaj.hr\/index.php?rest_route=%2Fwp%2Fv2%2Fcomments&post=11293"}],"version-history":[{"count":1,"href":"https:\/\/prvimaj.hr\/index.php?rest_route=\/wp\/v2\/posts\/11293\/revisions"}],"predecessor-version":[{"id":11294,"href":"https:\/\/prvimaj.hr\/index.php?rest_route=\/wp\/v2\/posts\/11293\/revisions\/11294"}],"wp:attachment":[{"href":"https:\/\/prvimaj.hr\/index.php?rest_route=%2Fwp%2Fv2%2Fmedia&parent=11293"}],"wp:term":[{"taxonomy":"category","embeddable":true,"href":"https:\/\/prvimaj.hr\/index.php?rest_route=%2Fwp%2Fv2%2Fcategories&post=11293"},{"taxonomy":"post_tag","embeddable":true,"href":"https:\/\/prvimaj.hr\/index.php?rest_route=%2Fwp%2Fv2%2Ftags&post=11293"}],"curies":[{"name":"wp","href":"https:\/\/api.w.org\/{rel}","templated":true}]}}