{"id":11460,"date":"2020-11-18T18:00:05","date_gmt":"2020-11-18T17:00:05","guid":{"rendered":"http:\/\/prvimaj.hr\/?p=11460"},"modified":"2020-11-24T07:13:50","modified_gmt":"2020-11-24T06:13:50","slug":"mobilno-reciklazno-dvoriste-u-lazaricima","status":"publish","type":"post","link":"https:\/\/prvimaj.hr\/?p=11460","title":{"rendered":"Mobilno recikla\u017eno dvori\u0161te u Lazari\u0107ima"},"content":{"rendered":"<p><a href=\"https:\/\/prvimaj.hr\/?attachment_id=11461\" rel=\"attachment wp-att-11461\"><img loading=\"lazy\" class=\"alignnone wp-image-11461\" src=\"https:\/\/prvimaj.hr\/wp-content\/uploads\/2020\/11\/Lazari\u0107i.jpg\" alt=\"\" width=\"246\" height=\"150\" srcset=\"https:\/\/prvimaj.hr\/wp-content\/uploads\/2020\/11\/Lazari\u0107i.jpg 639w, https:\/\/prvimaj.hr\/wp-content\/uploads\/2020\/11\/Lazari\u0107i-300x183.jpg 300w, https:\/\/prvimaj.hr\/wp-content\/uploads\/2020\/11\/Lazari\u0107i-150x91.jpg 150w\" sizes=\"(max-width: 246px) 100vw, 246px\" \/><\/a><\/p>\n<p>Mobilno recikla\u017eno dvori\u0161te biti \u0107e postavljeno\u00a0<strong>u petak, subotu i ponedjeljak (20., 21. i 23.11.2020.) u Lazari\u0107ima<\/strong>, kraj biv\u0161e trgovine. Radno vrijeme je od 9,00 do 16,00 sati. Kraj MRD-a de\u017eura radnik 1.MAJ-a, pa je upotreba MRD-a vrlo jednostavna. Predaja otpada je besplatna. Napominjemo da nije dopu\u0161teno nositi mije\u0161ani komunalni otpad iz ku\u0107anstva. Dopu\u0161teno je odlo\u017eiti\u00a0krupni otpad iz ku\u0107anstva, ve\u0107e komade plastike i kartona, namje\u0161taj, ku\u0107anske ure\u0111aje, zrcala, staklo, \u017earulje, otpadna ulja, stare baterije, gume, opasne ambala\u017ee i sl. Idu\u0107i tjedan mobilno recikla\u017eno dvori\u0161te dolazi i u Paroni, kraj skretanja za Brestovu.<\/p>\n<p><!--more--><\/p>\n<p><a href=\"https:\/\/prvimaj.hr\/?attachment_id=11152\" rel=\"attachment wp-att-11152\"><img loading=\"lazy\" class=\"alignnone size-full wp-image-11152\" src=\"https:\/\/prvimaj.hr\/wp-content\/uploads\/2020\/10\/MRD-Kr\u0161an-listopad-2020.jpg\" alt=\"\" width=\"765\" height=\"405\" srcset=\"https:\/\/prvimaj.hr\/wp-content\/uploads\/2020\/10\/MRD-Kr\u0161an-listopad-2020.jpg 765w, https:\/\/prvimaj.hr\/wp-content\/uploads\/2020\/10\/MRD-Kr\u0161an-listopad-2020-300x159.jpg 300w, https:\/\/prvimaj.hr\/wp-content\/uploads\/2020\/10\/MRD-Kr\u0161an-listopad-2020-150x79.jpg 150w\" sizes=\"(max-width: 765px) 100vw, 765px\" \/><\/a><\/p>\n","protected":false},"excerpt":{"rendered":"<p>Mobilno recikla\u017eno dvori\u0161te biti \u0107e postavljeno\u00a0u petak, subotu i ponedjeljak (20., 21. i 23.11.2020.) u Lazari\u0107ima, kraj biv\u0161e trgovine. Radno vrijeme je od 9,00 do 16,00 sati. Kraj MRD-a de\u017eura radnik 1.MAJ-a, pa je upotreba MRD-a vrlo jednostavna. Predaja otpada je besplatna. Napominjemo da nije dopu\u0161teno nositi mije\u0161ani komunalni otpad iz ku\u0107anstva. Dopu\u0161teno je odlo\u017eiti\u00a0krupni [&hellip;]<\/p>\n","protected":false},"author":2,"featured_media":0,"comment_status":"closed","ping_status":"closed","sticky":false,"template":"","format":"standard","meta":[],"categories":[2],"tags":[],"_links":{"self":[{"href":"https:\/\/prvimaj.hr\/index.php?rest_route=\/wp\/v2\/posts\/11460"}],"collection":[{"href":"https:\/\/prvimaj.hr\/index.php?rest_route=\/wp\/v2\/posts"}],"about":[{"href":"https:\/\/prvimaj.hr\/index.php?rest_route=\/wp\/v2\/types\/post"}],"author":[{"embeddable":true,"href":"https:\/\/prvimaj.hr\/index.php?rest_route=\/wp\/v2\/users\/2"}],"replies":[{"embeddable":true,"href":"https:\/\/prvimaj.hr\/index.php?rest_route=%2Fwp%2Fv2%2Fcomments&post=11460"}],"version-history":[{"count":1,"href":"https:\/\/prvimaj.hr\/index.php?rest_route=\/wp\/v2\/posts\/11460\/revisions"}],"predecessor-version":[{"id":11462,"href":"https:\/\/prvimaj.hr\/index.php?rest_route=\/wp\/v2\/posts\/11460\/revisions\/11462"}],"wp:attachment":[{"href":"https:\/\/prvimaj.hr\/index.php?rest_route=%2Fwp%2Fv2%2Fmedia&parent=11460"}],"wp:term":[{"taxonomy":"category","embeddable":true,"href":"https:\/\/prvimaj.hr\/index.php?rest_route=%2Fwp%2Fv2%2Fcategories&post=11460"},{"taxonomy":"post_tag","embeddable":true,"href":"https:\/\/prvimaj.hr\/index.php?rest_route=%2Fwp%2Fv2%2Ftags&post=11460"}],"curies":[{"name":"wp","href":"https:\/\/api.w.org\/{rel}","templated":true}]}}