{"id":11935,"date":"2021-01-12T12:30:45","date_gmt":"2021-01-12T11:30:45","guid":{"rendered":"http:\/\/prvimaj.hr\/?p=11935"},"modified":"2021-01-12T11:34:15","modified_gmt":"2021-01-12T10:34:15","slug":"raspored-odvoza-selektivnog-otpada-za-13-1-2021","status":"publish","type":"post","link":"https:\/\/prvimaj.hr\/?p=11935","title":{"rendered":"Raspored odvoza selektivnog otpada za 13.1.2021."},"content":{"rendered":"<p><a href=\"https:\/\/prvimaj.hr\/?attachment_id=11299\" rel=\"attachment wp-att-11299\"><img loading=\"lazy\" class=\"alignnone  wp-image-11299\" src=\"https:\/\/prvimaj.hr\/wp-content\/uploads\/2020\/11\/1.jpg\" alt=\"\" width=\"71\" height=\"71\" srcset=\"https:\/\/prvimaj.hr\/wp-content\/uploads\/2020\/11\/1.jpg 373w, https:\/\/prvimaj.hr\/wp-content\/uploads\/2020\/11\/1-150x150.jpg 150w, https:\/\/prvimaj.hr\/wp-content\/uploads\/2020\/11\/1-300x300.jpg 300w, https:\/\/prvimaj.hr\/wp-content\/uploads\/2020\/11\/1-60x60.jpg 60w\" sizes=\"(max-width: 71px) 100vw, 71px\" \/><\/a><\/p>\n<p>Sutra (srijeda, 13.1.2021.) prikuplja se na sljede\u0107im lokacijama:<\/p>\n<p>PLASTI\u010cNA I METALNA AMBALA\u017dA (\u201c\u017euti spremnici\u201d):<\/p>\n<ul>\n<li>Rabac: ulice Idrijska, U\u010dka, Ra\u0161ka, Medulinska, Omladinska, Opatijska, Lo\u0161injska, Creska, Plominska, Rudarska, te Obala mar\u0161ala Tita i Gorenji Rabac.<\/li>\n<\/ul>\n","protected":false},"excerpt":{"rendered":"<p>Sutra (srijeda, 13.1.2021.) prikuplja se na sljede\u0107im lokacijama: PLASTI\u010cNA I METALNA AMBALA\u017dA (\u201c\u017euti spremnici\u201d): Rabac: ulice Idrijska, U\u010dka, Ra\u0161ka, Medulinska, Omladinska, Opatijska, Lo\u0161injska, Creska, Plominska, Rudarska, te Obala mar\u0161ala Tita i Gorenji Rabac.<\/p>\n","protected":false},"author":2,"featured_media":0,"comment_status":"closed","ping_status":"closed","sticky":false,"template":"","format":"standard","meta":[],"categories":[2],"tags":[],"_links":{"self":[{"href":"https:\/\/prvimaj.hr\/index.php?rest_route=\/wp\/v2\/posts\/11935"}],"collection":[{"href":"https:\/\/prvimaj.hr\/index.php?rest_route=\/wp\/v2\/posts"}],"about":[{"href":"https:\/\/prvimaj.hr\/index.php?rest_route=\/wp\/v2\/types\/post"}],"author":[{"embeddable":true,"href":"https:\/\/prvimaj.hr\/index.php?rest_route=\/wp\/v2\/users\/2"}],"replies":[{"embeddable":true,"href":"https:\/\/prvimaj.hr\/index.php?rest_route=%2Fwp%2Fv2%2Fcomments&post=11935"}],"version-history":[{"count":1,"href":"https:\/\/prvimaj.hr\/index.php?rest_route=\/wp\/v2\/posts\/11935\/revisions"}],"predecessor-version":[{"id":11936,"href":"https:\/\/prvimaj.hr\/index.php?rest_route=\/wp\/v2\/posts\/11935\/revisions\/11936"}],"wp:attachment":[{"href":"https:\/\/prvimaj.hr\/index.php?rest_route=%2Fwp%2Fv2%2Fmedia&parent=11935"}],"wp:term":[{"taxonomy":"category","embeddable":true,"href":"https:\/\/prvimaj.hr\/index.php?rest_route=%2Fwp%2Fv2%2Fcategories&post=11935"},{"taxonomy":"post_tag","embeddable":true,"href":"https:\/\/prvimaj.hr\/index.php?rest_route=%2Fwp%2Fv2%2Ftags&post=11935"}],"curies":[{"name":"wp","href":"https:\/\/api.w.org\/{rel}","templated":true}]}}