{"id":12170,"date":"2021-01-28T14:39:23","date_gmt":"2021-01-28T13:39:23","guid":{"rendered":"http:\/\/prvimaj.hr\/?p=12170"},"modified":"2021-01-28T14:39:24","modified_gmt":"2021-01-28T13:39:24","slug":"nenad-borsic-predsjednik-nadzornog-odbora-1-maj-a","status":"publish","type":"post","link":"https:\/\/prvimaj.hr\/?p=12170","title":{"rendered":"Nenad Bor\u0161i\u0107 predsjednik Nadzornog odbora 1.MAJ-a"},"content":{"rendered":"<p><img loading=\"lazy\" class=\"aligncenter\" src=\"http:\/\/labin.hr\/Files\/Vije%C2%A6%C3%A7nici-8.jpg\" alt=\"Vije\u00a6\u00e7nici-8.jpg (6.84 MB)\" width=\"193\" height=\"267\" \/><\/p>\n<p>Na dana\u0161njoj 19. sjednici <strong>Nadzornog odbora<\/strong> trgova\u010dkog dru\u0161tva <strong>1.MAJ<\/strong> d.o.o. izabran je novi predsjednik tog NO-a. Na to je mjesto imenovan g. <strong>Nenad Bor\u0161i\u0107<\/strong> iz Labina.<\/p>\n","protected":false},"excerpt":{"rendered":"<p>Na dana\u0161njoj 19. sjednici Nadzornog odbora trgova\u010dkog dru\u0161tva 1.MAJ d.o.o. izabran je novi predsjednik tog NO-a. Na to je mjesto imenovan g. Nenad Bor\u0161i\u0107 iz Labina.<\/p>\n","protected":false},"author":2,"featured_media":0,"comment_status":"closed","ping_status":"closed","sticky":false,"template":"","format":"standard","meta":[],"categories":[2],"tags":[],"_links":{"self":[{"href":"https:\/\/prvimaj.hr\/index.php?rest_route=\/wp\/v2\/posts\/12170"}],"collection":[{"href":"https:\/\/prvimaj.hr\/index.php?rest_route=\/wp\/v2\/posts"}],"about":[{"href":"https:\/\/prvimaj.hr\/index.php?rest_route=\/wp\/v2\/types\/post"}],"author":[{"embeddable":true,"href":"https:\/\/prvimaj.hr\/index.php?rest_route=\/wp\/v2\/users\/2"}],"replies":[{"embeddable":true,"href":"https:\/\/prvimaj.hr\/index.php?rest_route=%2Fwp%2Fv2%2Fcomments&post=12170"}],"version-history":[{"count":1,"href":"https:\/\/prvimaj.hr\/index.php?rest_route=\/wp\/v2\/posts\/12170\/revisions"}],"predecessor-version":[{"id":12171,"href":"https:\/\/prvimaj.hr\/index.php?rest_route=\/wp\/v2\/posts\/12170\/revisions\/12171"}],"wp:attachment":[{"href":"https:\/\/prvimaj.hr\/index.php?rest_route=%2Fwp%2Fv2%2Fmedia&parent=12170"}],"wp:term":[{"taxonomy":"category","embeddable":true,"href":"https:\/\/prvimaj.hr\/index.php?rest_route=%2Fwp%2Fv2%2Fcategories&post=12170"},{"taxonomy":"post_tag","embeddable":true,"href":"https:\/\/prvimaj.hr\/index.php?rest_route=%2Fwp%2Fv2%2Ftags&post=12170"}],"curies":[{"name":"wp","href":"https:\/\/api.w.org\/{rel}","templated":true}]}}