{"id":13593,"date":"2021-07-03T12:48:22","date_gmt":"2021-07-03T11:48:22","guid":{"rendered":"http:\/\/prvimaj.hr\/?p=13593"},"modified":"2021-07-05T08:51:12","modified_gmt":"2021-07-05T07:51:12","slug":"za-markat-bez-plastike-ziva-subota-na-markatu","status":"publish","type":"post","link":"https:\/\/prvimaj.hr\/?p=13593","title":{"rendered":"Za markat bez plastike &#8211; \u017eiva subota na markatu"},"content":{"rendered":"<p><img loading=\"lazy\" class=\"\" src=\"https:\/\/scontent-frt3-1.xx.fbcdn.net\/v\/t1.6435-9\/212189338_1221152025009326_2828560369727015154_n.jpg?_nc_cat=102&amp;ccb=1-3&amp;_nc_sid=8bfeb9&amp;_nc_ohc=tbYp7uSXrugAX8un4DP&amp;_nc_ht=scontent-frt3-1.xx&amp;oh=0fc34212b5479330c717df92bfa7bc98&amp;oe=60E639B3\" alt=\"Mo\u017ee biti slika sljede\u0107eg: Jedna osoba\" width=\"372\" height=\"278\"><\/p>\n<p>Veselo je zapo\u010dela subota ispred labinskog <strong>markata<\/strong>. Naime, <strong>1.MAJ<\/strong>, <strong>Vodovod Labin<\/strong> i <strong>LAG Isto\u010dna Istra<\/strong> odr\u017eali su promociju vizije &#8220;<strong>Za Labin bez plastike<\/strong>&#8221; u sklopu Green plus projekta. Tako je prolaznicima podijeljeno vi\u0161e stotina komada jutenih i platnenih vre\u0107ica, kao i staklenih jednolitarskih boca s oznakama lokalnih ekolo\u0161kih projekata &#8220;Za Labin bez plastike&#8221; i &#8220;Cool voda iz vodovoda&#8221;. Tako\u0111er, ove subote i na samom markatu znatno je reducirana upotreba jednokratne plastike, pa su prodava\u010di naglasak stavili na &#8220;\u0161kartoce&#8221;, masni papir i vre\u0107ice od \u0161kroba (biorazgradive vre\u0107ice). U promociji nam se pridru\u017eio i Dra\u017een Turina &#8211; \u0160ajeta.<\/p>\n<p>Promocija se <strong>nastavlja<\/strong> idu\u0107e subote ispred markata, a posjetitelje markata se poti\u010de da koriste platnene vre\u0107ice, te da ne prihva\u0107aju najlonske vre\u0107ice u kupnji. <!--more--><\/p>\n<p><img loading=\"lazy\" class=\"\" src=\"https:\/\/scontent-frt3-1.xx.fbcdn.net\/v\/t1.6435-9\/210858018_1221152071675988_7112221621357477796_n.jpg?_nc_cat=104&amp;ccb=1-3&amp;_nc_sid=8bfeb9&amp;_nc_ohc=sWN81tF7oH0AX95moi1&amp;_nc_ht=scontent-frt3-1.xx&amp;oh=6e901d09ca88d337e60b274e476d8d19&amp;oe=60E627C8\" alt=\"Mo\u017ee biti slika sljede\u0107eg: 2 ljudi i ljudi stoje\" width=\"372\" height=\"278\"><\/p>\n<p><img loading=\"lazy\" class=\"\" src=\"https:\/\/prvimaj.hr\/wp-content\/uploads\/2021\/07\/Bez-plastike.png\" width=\"371\" height=\"380\"><\/p>\n","protected":false},"excerpt":{"rendered":"<p>Veselo je zapo\u010dela subota ispred labinskog markata. Naime, 1.MAJ, Vodovod Labin i LAG Isto\u010dna Istra odr\u017eali su promociju vizije &#8220;Za Labin bez plastike&#8221; u sklopu Green plus projekta. Tako je prolaznicima podijeljeno vi\u0161e stotina komada jutenih i platnenih vre\u0107ica, kao i staklenih jednolitarskih boca s oznakama lokalnih ekolo\u0161kih projekata &#8220;Za Labin bez plastike&#8221; i &#8220;Cool [&hellip;]<\/p>\n","protected":false},"author":2,"featured_media":0,"comment_status":"closed","ping_status":"closed","sticky":false,"template":"","format":"standard","meta":[],"categories":[2],"tags":[],"_links":{"self":[{"href":"https:\/\/prvimaj.hr\/index.php?rest_route=\/wp\/v2\/posts\/13593"}],"collection":[{"href":"https:\/\/prvimaj.hr\/index.php?rest_route=\/wp\/v2\/posts"}],"about":[{"href":"https:\/\/prvimaj.hr\/index.php?rest_route=\/wp\/v2\/types\/post"}],"author":[{"embeddable":true,"href":"https:\/\/prvimaj.hr\/index.php?rest_route=\/wp\/v2\/users\/2"}],"replies":[{"embeddable":true,"href":"https:\/\/prvimaj.hr\/index.php?rest_route=%2Fwp%2Fv2%2Fcomments&post=13593"}],"version-history":[{"count":2,"href":"https:\/\/prvimaj.hr\/index.php?rest_route=\/wp\/v2\/posts\/13593\/revisions"}],"predecessor-version":[{"id":13601,"href":"https:\/\/prvimaj.hr\/index.php?rest_route=\/wp\/v2\/posts\/13593\/revisions\/13601"}],"wp:attachment":[{"href":"https:\/\/prvimaj.hr\/index.php?rest_route=%2Fwp%2Fv2%2Fmedia&parent=13593"}],"wp:term":[{"taxonomy":"category","embeddable":true,"href":"https:\/\/prvimaj.hr\/index.php?rest_route=%2Fwp%2Fv2%2Fcategories&post=13593"},{"taxonomy":"post_tag","embeddable":true,"href":"https:\/\/prvimaj.hr\/index.php?rest_route=%2Fwp%2Fv2%2Ftags&post=13593"}],"curies":[{"name":"wp","href":"https:\/\/api.w.org\/{rel}","templated":true}]}}