{"id":16508,"date":"2022-05-15T08:00:00","date_gmt":"2022-05-15T07:00:00","guid":{"rendered":"https:\/\/prvimaj.hr\/?p=16508"},"modified":"2022-05-22T06:02:17","modified_gmt":"2022-05-22T05:02:17","slug":"u-tjednu-od-16-do-21-svibnja-prikupljamo-papir-i-karton","status":"publish","type":"post","link":"https:\/\/prvimaj.hr\/?p=16508","title":{"rendered":"U tjednu od 16. do 21. svibnja prikupljamo papir i karton"},"content":{"rendered":"<p><a href=\"https:\/\/prvimaj.hr\/?attachment_id=14796\" rel=\"attachment wp-att-14796\"><img loading=\"lazy\" class=\"alignnone  wp-image-14796\" src=\"https:\/\/prvimaj.hr\/wp-content\/uploads\/2021\/11\/2.jpg\" alt=\"\" width=\"71\" height=\"71\" srcset=\"https:\/\/prvimaj.hr\/wp-content\/uploads\/2021\/11\/2.jpg 373w, https:\/\/prvimaj.hr\/wp-content\/uploads\/2021\/11\/2-300x300.jpg 300w, https:\/\/prvimaj.hr\/wp-content\/uploads\/2021\/11\/2-150x150.jpg 150w, https:\/\/prvimaj.hr\/wp-content\/uploads\/2021\/11\/2-60x60.jpg 60w\" sizes=\"(max-width: 71px) 100vw, 71px\" \/><\/a><\/p>\n<p>U tjednu&nbsp;<strong>od 16. do 21. svibnja 2022.<\/strong>&nbsp;prikupljamo&nbsp;<strong>papir i karton<\/strong> (plavi spremnici) na <strong>cijelom podru\u010dju<\/strong>&nbsp;Labin\u0161tine.<\/p>\n<p>Kod korisnika \u0107e se plavi spremnik prazniti <strong>isti dan<\/strong> kada i mije\u0161ani komunalni otpad (MKO). Dakle, onaj dan kada predajete na pra\u017enjenje MKO, isprazniti \u0107emo i plavi spremnik. MKO i odvojeni otpad <strong>ne<\/strong> prikupljamo istim vozilom, te je stoga tokom dana mogu\u0107 odre\u0111eni vremenski odmak izme\u0111u pra\u017enjenja spremnika za MKO i plavog spremnika.<\/p>\n","protected":false},"excerpt":{"rendered":"<p>U tjednu&nbsp;od 16. do 21. svibnja 2022.&nbsp;prikupljamo&nbsp;papir i karton (plavi spremnici) na cijelom podru\u010dju&nbsp;Labin\u0161tine. Kod korisnika \u0107e se plavi spremnik prazniti isti dan kada i mije\u0161ani komunalni otpad (MKO). Dakle, onaj dan kada predajete na pra\u017enjenje MKO, isprazniti \u0107emo i plavi spremnik. MKO i odvojeni otpad ne prikupljamo istim vozilom, te je stoga tokom dana [&hellip;]<\/p>\n","protected":false},"author":2,"featured_media":0,"comment_status":"closed","ping_status":"closed","sticky":false,"template":"","format":"standard","meta":[],"categories":[2],"tags":[],"_links":{"self":[{"href":"https:\/\/prvimaj.hr\/index.php?rest_route=\/wp\/v2\/posts\/16508"}],"collection":[{"href":"https:\/\/prvimaj.hr\/index.php?rest_route=\/wp\/v2\/posts"}],"about":[{"href":"https:\/\/prvimaj.hr\/index.php?rest_route=\/wp\/v2\/types\/post"}],"author":[{"embeddable":true,"href":"https:\/\/prvimaj.hr\/index.php?rest_route=\/wp\/v2\/users\/2"}],"replies":[{"embeddable":true,"href":"https:\/\/prvimaj.hr\/index.php?rest_route=%2Fwp%2Fv2%2Fcomments&post=16508"}],"version-history":[{"count":2,"href":"https:\/\/prvimaj.hr\/index.php?rest_route=\/wp\/v2\/posts\/16508\/revisions"}],"predecessor-version":[{"id":16642,"href":"https:\/\/prvimaj.hr\/index.php?rest_route=\/wp\/v2\/posts\/16508\/revisions\/16642"}],"wp:attachment":[{"href":"https:\/\/prvimaj.hr\/index.php?rest_route=%2Fwp%2Fv2%2Fmedia&parent=16508"}],"wp:term":[{"taxonomy":"category","embeddable":true,"href":"https:\/\/prvimaj.hr\/index.php?rest_route=%2Fwp%2Fv2%2Fcategories&post=16508"},{"taxonomy":"post_tag","embeddable":true,"href":"https:\/\/prvimaj.hr\/index.php?rest_route=%2Fwp%2Fv2%2Ftags&post=16508"}],"curies":[{"name":"wp","href":"https:\/\/api.w.org\/{rel}","templated":true}]}}