{"id":17853,"date":"2022-11-16T09:27:33","date_gmt":"2022-11-16T08:27:33","guid":{"rendered":"https:\/\/prvimaj.hr\/?p=17853"},"modified":"2022-11-16T09:27:43","modified_gmt":"2022-11-16T08:27:43","slug":"vasiljka-milenkovic","status":"publish","type":"post","link":"https:\/\/prvimaj.hr\/?p=17853","title":{"rendered":"Vasiljka Milenkovi\u0107"},"content":{"rendered":"<p>S tugom u srcu javljamo rodbini, prijateljima i znancima da nas je u utorak 15.11.2022. godine u 96- oj godini \u017eivota napustila na\u0161a voljena<\/p>\n<h2 style=\"text-align: center\"><em><strong>VASILJKA&nbsp; MILENKOVI\u0106<\/strong><\/em><\/h2>\n<h3 style=\"text-align: center\"><em><strong>( iz Labina )<\/strong><\/em><\/h3>\n<p><!--more-->Posljednji ispra\u0107aj na\u0161e voljene pokojnice biti \u0107e u \u010detvrtak 17.11.2022. godine u krugu obitelji na mjesnom groblju u Sv. Martinu &#8211; Martinskom.<\/p>\n<p><em><strong>O\u017ealo\u0161\u0107eni:&nbsp;<\/strong><\/em>sin IVAN, nevjesta DORIS, unuka MARTA sa MARINOM, praunuke ZARA i ALANI, te ostala tuguju\u0107a rodbina.<\/p>\n","protected":false},"excerpt":{"rendered":"<p>S tugom u srcu javljamo rodbini, prijateljima i znancima da nas je u utorak 15.11.2022. godine u 96- oj godini \u017eivota napustila na\u0161a voljena VASILJKA&nbsp; MILENKOVI\u0106 ( iz Labina )<\/p>\n","protected":false},"author":3,"featured_media":17854,"comment_status":"closed","ping_status":"closed","sticky":false,"template":"","format":"standard","meta":[],"categories":[3],"tags":[],"_links":{"self":[{"href":"https:\/\/prvimaj.hr\/index.php?rest_route=\/wp\/v2\/posts\/17853"}],"collection":[{"href":"https:\/\/prvimaj.hr\/index.php?rest_route=\/wp\/v2\/posts"}],"about":[{"href":"https:\/\/prvimaj.hr\/index.php?rest_route=\/wp\/v2\/types\/post"}],"author":[{"embeddable":true,"href":"https:\/\/prvimaj.hr\/index.php?rest_route=\/wp\/v2\/users\/3"}],"replies":[{"embeddable":true,"href":"https:\/\/prvimaj.hr\/index.php?rest_route=%2Fwp%2Fv2%2Fcomments&post=17853"}],"version-history":[{"count":2,"href":"https:\/\/prvimaj.hr\/index.php?rest_route=\/wp\/v2\/posts\/17853\/revisions"}],"predecessor-version":[{"id":17856,"href":"https:\/\/prvimaj.hr\/index.php?rest_route=\/wp\/v2\/posts\/17853\/revisions\/17856"}],"wp:featuredmedia":[{"embeddable":true,"href":"https:\/\/prvimaj.hr\/index.php?rest_route=\/wp\/v2\/media\/17854"}],"wp:attachment":[{"href":"https:\/\/prvimaj.hr\/index.php?rest_route=%2Fwp%2Fv2%2Fmedia&parent=17853"}],"wp:term":[{"taxonomy":"category","embeddable":true,"href":"https:\/\/prvimaj.hr\/index.php?rest_route=%2Fwp%2Fv2%2Fcategories&post=17853"},{"taxonomy":"post_tag","embeddable":true,"href":"https:\/\/prvimaj.hr\/index.php?rest_route=%2Fwp%2Fv2%2Ftags&post=17853"}],"curies":[{"name":"wp","href":"https:\/\/api.w.org\/{rel}","templated":true}]}}