{"id":17868,"date":"2022-11-17T13:33:30","date_gmt":"2022-11-17T12:33:30","guid":{"rendered":"https:\/\/prvimaj.hr\/?p=17868"},"modified":"2022-11-17T13:33:51","modified_gmt":"2022-11-17T12:33:51","slug":"ivan-trgo","status":"publish","type":"post","link":"https:\/\/prvimaj.hr\/?p=17868","title":{"rendered":"Ivan  Trgo"},"content":{"rendered":"<p>S tugom u srcu javljamo rodbini, prijateljima i znancima da nas je u \u010detvrtak 17.11.2022. godine u 70. godini \u017eivota napustio na\u0161a voljeni<\/p>\n<h2 style=\"text-align: center\"><strong><em>IVAN&nbsp; &nbsp; TRGO<\/em><\/strong><\/h2>\n<h3 style=\"text-align: center\"><strong><em>( Gianni&nbsp; Miculandra iz Ra\u0161e )<\/em><\/strong><\/h3>\n<p><!--more--><\/p>\n<p>Posljednji ispra\u0107aj na\u0161eg voljenog pokojnika biti \u0107e u subotu 19.11.2022. godine u 12,00 sati iz Komemorativnog centra u Sv.Martinu &#8211; Martinskom na mjesno groblje.<\/p>\n<p><strong><em>O\u017ealo\u0161\u0107eni:&nbsp;<\/em><\/strong>supruga MARIJA, k\u0107erke MARIJANA i RENATA sa KRISTIJANOM, unuci DAVID i ERIK, sestra ROSITA sa familijom, kunjado MARTIN, te ostala tuguju\u0107a rodbina.<\/p>\n\n\n<p><\/p>\n","protected":false},"excerpt":{"rendered":"<p>S tugom u srcu javljamo rodbini, prijateljima i znancima da nas je u \u010detvrtak 17.11.2022. godine u 70. godini \u017eivota napustio na\u0161a voljeni IVAN&nbsp; &nbsp; TRGO ( Gianni&nbsp; Miculandra iz Ra\u0161e )<\/p>\n","protected":false},"author":3,"featured_media":17867,"comment_status":"closed","ping_status":"closed","sticky":false,"template":"","format":"standard","meta":[],"categories":[3],"tags":[],"_links":{"self":[{"href":"https:\/\/prvimaj.hr\/index.php?rest_route=\/wp\/v2\/posts\/17868"}],"collection":[{"href":"https:\/\/prvimaj.hr\/index.php?rest_route=\/wp\/v2\/posts"}],"about":[{"href":"https:\/\/prvimaj.hr\/index.php?rest_route=\/wp\/v2\/types\/post"}],"author":[{"embeddable":true,"href":"https:\/\/prvimaj.hr\/index.php?rest_route=\/wp\/v2\/users\/3"}],"replies":[{"embeddable":true,"href":"https:\/\/prvimaj.hr\/index.php?rest_route=%2Fwp%2Fv2%2Fcomments&post=17868"}],"version-history":[{"count":2,"href":"https:\/\/prvimaj.hr\/index.php?rest_route=\/wp\/v2\/posts\/17868\/revisions"}],"predecessor-version":[{"id":17870,"href":"https:\/\/prvimaj.hr\/index.php?rest_route=\/wp\/v2\/posts\/17868\/revisions\/17870"}],"wp:featuredmedia":[{"embeddable":true,"href":"https:\/\/prvimaj.hr\/index.php?rest_route=\/wp\/v2\/media\/17867"}],"wp:attachment":[{"href":"https:\/\/prvimaj.hr\/index.php?rest_route=%2Fwp%2Fv2%2Fmedia&parent=17868"}],"wp:term":[{"taxonomy":"category","embeddable":true,"href":"https:\/\/prvimaj.hr\/index.php?rest_route=%2Fwp%2Fv2%2Fcategories&post=17868"},{"taxonomy":"post_tag","embeddable":true,"href":"https:\/\/prvimaj.hr\/index.php?rest_route=%2Fwp%2Fv2%2Ftags&post=17868"}],"curies":[{"name":"wp","href":"https:\/\/api.w.org\/{rel}","templated":true}]}}