{"id":17936,"date":"2022-11-26T13:15:46","date_gmt":"2022-11-26T12:15:46","guid":{"rendered":"https:\/\/prvimaj.hr\/?p=17936"},"modified":"2022-11-26T13:15:55","modified_gmt":"2022-11-26T12:15:55","slug":"marija-glavicic-2","status":"publish","type":"post","link":"https:\/\/prvimaj.hr\/?p=17936","title":{"rendered":"Marija Glavi\u010di\u0107"},"content":{"rendered":"<p>S tugom i boli u srcu javljamo rodbini i prijateljima da nas je dana 25.11.2002. godine u 80- oj godini \u017eivota napustila na\u0161a voljena<\/p>\n<h2 style=\"text-align: center\"><em><strong>MARIJA&nbsp; &nbsp;GLAVI\u010cI\u0106<\/strong><\/em><\/h2>\n<h3 style=\"text-align: center\"><em><strong>( ro\u0111. Mileta iz \u017dupani\u0107i )<\/strong><\/em><\/h3>\n<p><!--more-->Posljednji ispra\u0107aj na\u0161e voljene pokojnice biti \u0107e u ponedjeljak 28.11.2022. godine u krugu obitelji iz Komemorativnog centra u Sv. Martinu &#8211; Martinskom na mjesno groblje.<\/p>\n<p><em><strong>Molimo za tihu su\u0107ut.<\/strong><\/em><\/p>\n<p><em><strong>O\u017ealo\u0161\u0107eni:&nbsp;<\/strong><\/em>suprug DARIO, k\u0107erka ZDENKA, bra\u0107a ALBINO i \u0110ANI sa familijama, kunjade i kunjado sa familijama, zet MLADEN, unuci KRISTINA s TON\u010cIJEM, SAMANTA s MLADENOM, ETIEN s AMNOM, praunuci TEO, NOEL, NOA, NICO i RICCO te ostala tuguju\u0107a rodbina.<\/p>\n","protected":false},"excerpt":{"rendered":"<p>S tugom i boli u srcu javljamo rodbini i prijateljima da nas je dana 25.11.2002. godine u 80- oj godini \u017eivota napustila na\u0161a voljena MARIJA&nbsp; &nbsp;GLAVI\u010cI\u0106 ( ro\u0111. Mileta iz \u017dupani\u0107i )<\/p>\n","protected":false},"author":3,"featured_media":17937,"comment_status":"closed","ping_status":"closed","sticky":false,"template":"","format":"standard","meta":[],"categories":[3],"tags":[],"_links":{"self":[{"href":"https:\/\/prvimaj.hr\/index.php?rest_route=\/wp\/v2\/posts\/17936"}],"collection":[{"href":"https:\/\/prvimaj.hr\/index.php?rest_route=\/wp\/v2\/posts"}],"about":[{"href":"https:\/\/prvimaj.hr\/index.php?rest_route=\/wp\/v2\/types\/post"}],"author":[{"embeddable":true,"href":"https:\/\/prvimaj.hr\/index.php?rest_route=\/wp\/v2\/users\/3"}],"replies":[{"embeddable":true,"href":"https:\/\/prvimaj.hr\/index.php?rest_route=%2Fwp%2Fv2%2Fcomments&post=17936"}],"version-history":[{"count":2,"href":"https:\/\/prvimaj.hr\/index.php?rest_route=\/wp\/v2\/posts\/17936\/revisions"}],"predecessor-version":[{"id":17939,"href":"https:\/\/prvimaj.hr\/index.php?rest_route=\/wp\/v2\/posts\/17936\/revisions\/17939"}],"wp:featuredmedia":[{"embeddable":true,"href":"https:\/\/prvimaj.hr\/index.php?rest_route=\/wp\/v2\/media\/17937"}],"wp:attachment":[{"href":"https:\/\/prvimaj.hr\/index.php?rest_route=%2Fwp%2Fv2%2Fmedia&parent=17936"}],"wp:term":[{"taxonomy":"category","embeddable":true,"href":"https:\/\/prvimaj.hr\/index.php?rest_route=%2Fwp%2Fv2%2Fcategories&post=17936"},{"taxonomy":"post_tag","embeddable":true,"href":"https:\/\/prvimaj.hr\/index.php?rest_route=%2Fwp%2Fv2%2Ftags&post=17936"}],"curies":[{"name":"wp","href":"https:\/\/api.w.org\/{rel}","templated":true}]}}