{"id":18136,"date":"2022-12-18T09:12:05","date_gmt":"2022-12-18T08:12:05","guid":{"rendered":"https:\/\/prvimaj.hr\/?p=18136"},"modified":"2022-12-18T09:12:24","modified_gmt":"2022-12-18T08:12:24","slug":"lucia-skopac","status":"publish","type":"post","link":"https:\/\/prvimaj.hr\/?p=18136","title":{"rendered":"Lucia \u0160kopac"},"content":{"rendered":"<p>S tugom u srcu javljamo rodbini, prijateljima i znancima da nas je u subotu 17.12.2022. godine u 89- oj godini \u017eivota napustila na\u0161a voljena<\/p>\n<h2 style=\"text-align: center\"><em><strong>LUCIA&nbsp; &nbsp;\u0160KOPAC<\/strong><\/em><\/h2>\n<h3 style=\"text-align: center\"><em><strong>( iz Salakovci )<\/strong><\/em><\/h3>\n<p><!--more-->Posljednji ispra\u0107aj na\u0161e voljene pokojnice biti \u0107e u ponedjeljak 19.12.2022. godine u krugu obitelji iz Komemorativnog centra u Labinu na gradsko groblje.<\/p>\n<p><em><strong>Molimo za tihu su\u0107ut.<\/strong><\/em><\/p>\n<p><em><strong>O\u017ealo\u0161\u0107eni:&nbsp;<\/strong><\/em>sin ENCO, k\u0107i LORETA sa BRANKETOM, unuci MARKO sa BARBAROM, JELENA sa MARINOM, TEIKA sa MARKETOM i TEDI, praunuci DANTE, AVE, LUCE i RIKO, sestre MARIJA i IDA sa familijama, brat IVANI sa familijom, te ostala tuguju\u0107a rodbina.<\/p>\n","protected":false},"excerpt":{"rendered":"<p>S tugom u srcu javljamo rodbini, prijateljima i znancima da nas je u subotu 17.12.2022. godine u 89- oj godini \u017eivota napustila na\u0161a voljena LUCIA&nbsp; &nbsp;\u0160KOPAC ( iz Salakovci )<\/p>\n","protected":false},"author":3,"featured_media":18137,"comment_status":"closed","ping_status":"closed","sticky":false,"template":"","format":"standard","meta":[],"categories":[3],"tags":[],"_links":{"self":[{"href":"https:\/\/prvimaj.hr\/index.php?rest_route=\/wp\/v2\/posts\/18136"}],"collection":[{"href":"https:\/\/prvimaj.hr\/index.php?rest_route=\/wp\/v2\/posts"}],"about":[{"href":"https:\/\/prvimaj.hr\/index.php?rest_route=\/wp\/v2\/types\/post"}],"author":[{"embeddable":true,"href":"https:\/\/prvimaj.hr\/index.php?rest_route=\/wp\/v2\/users\/3"}],"replies":[{"embeddable":true,"href":"https:\/\/prvimaj.hr\/index.php?rest_route=%2Fwp%2Fv2%2Fcomments&post=18136"}],"version-history":[{"count":2,"href":"https:\/\/prvimaj.hr\/index.php?rest_route=\/wp\/v2\/posts\/18136\/revisions"}],"predecessor-version":[{"id":18139,"href":"https:\/\/prvimaj.hr\/index.php?rest_route=\/wp\/v2\/posts\/18136\/revisions\/18139"}],"wp:featuredmedia":[{"embeddable":true,"href":"https:\/\/prvimaj.hr\/index.php?rest_route=\/wp\/v2\/media\/18137"}],"wp:attachment":[{"href":"https:\/\/prvimaj.hr\/index.php?rest_route=%2Fwp%2Fv2%2Fmedia&parent=18136"}],"wp:term":[{"taxonomy":"category","embeddable":true,"href":"https:\/\/prvimaj.hr\/index.php?rest_route=%2Fwp%2Fv2%2Fcategories&post=18136"},{"taxonomy":"post_tag","embeddable":true,"href":"https:\/\/prvimaj.hr\/index.php?rest_route=%2Fwp%2Fv2%2Ftags&post=18136"}],"curies":[{"name":"wp","href":"https:\/\/api.w.org\/{rel}","templated":true}]}}