{"id":18152,"date":"2022-12-21T10:03:20","date_gmt":"2022-12-21T09:03:20","guid":{"rendered":"https:\/\/prvimaj.hr\/?p=18152"},"modified":"2022-12-21T10:03:44","modified_gmt":"2022-12-21T09:03:44","slug":"bepi-brezac","status":"publish","type":"post","link":"https:\/\/prvimaj.hr\/?p=18152","title":{"rendered":"Bepi  Brezac"},"content":{"rendered":"<p>S tugo u srcu jovljamo se rodbine, pretelami i znancima da nas je u utorak 15.11.2022. u 74. lete \u017eivota napusti na\u0161 voljeni<\/p>\n<h2 style=\"text-align: center\"><em><strong>BEPI&nbsp; &nbsp; BREZAC<\/strong><\/em><\/h2>\n<h3 style=\"text-align: center\"><strong><em>( od Labina )<\/em><\/strong><\/h3>\n<p><!--more-->Funeral na\u0161ega Bepija \u0107e bit va \u010detrtak 22.12.2022. na 13,00 ur od Komemorativnog centra va Labine na cimitar.<\/p>\n<p><em><strong>O\u017ealo\u0161\u0107eni:&nbsp;<\/strong><\/em>h\u0107i VANESSA, zet RONI, nuki RYAN, LARA i LUKA, brat FERU\u010cO, sestri DINA i \u0110ANA s famejami, kunjodo MILAN s famejo i sa ostala fameja.<\/p>\n","protected":false},"excerpt":{"rendered":"<p>S tugo u srcu jovljamo se rodbine, pretelami i znancima da nas je u utorak 15.11.2022. u 74. lete \u017eivota napusti na\u0161 voljeni BEPI&nbsp; &nbsp; BREZAC ( od Labina )<\/p>\n","protected":false},"author":3,"featured_media":18151,"comment_status":"closed","ping_status":"closed","sticky":false,"template":"","format":"standard","meta":[],"categories":[3],"tags":[],"_links":{"self":[{"href":"https:\/\/prvimaj.hr\/index.php?rest_route=\/wp\/v2\/posts\/18152"}],"collection":[{"href":"https:\/\/prvimaj.hr\/index.php?rest_route=\/wp\/v2\/posts"}],"about":[{"href":"https:\/\/prvimaj.hr\/index.php?rest_route=\/wp\/v2\/types\/post"}],"author":[{"embeddable":true,"href":"https:\/\/prvimaj.hr\/index.php?rest_route=\/wp\/v2\/users\/3"}],"replies":[{"embeddable":true,"href":"https:\/\/prvimaj.hr\/index.php?rest_route=%2Fwp%2Fv2%2Fcomments&post=18152"}],"version-history":[{"count":2,"href":"https:\/\/prvimaj.hr\/index.php?rest_route=\/wp\/v2\/posts\/18152\/revisions"}],"predecessor-version":[{"id":18154,"href":"https:\/\/prvimaj.hr\/index.php?rest_route=\/wp\/v2\/posts\/18152\/revisions\/18154"}],"wp:featuredmedia":[{"embeddable":true,"href":"https:\/\/prvimaj.hr\/index.php?rest_route=\/wp\/v2\/media\/18151"}],"wp:attachment":[{"href":"https:\/\/prvimaj.hr\/index.php?rest_route=%2Fwp%2Fv2%2Fmedia&parent=18152"}],"wp:term":[{"taxonomy":"category","embeddable":true,"href":"https:\/\/prvimaj.hr\/index.php?rest_route=%2Fwp%2Fv2%2Fcategories&post=18152"},{"taxonomy":"post_tag","embeddable":true,"href":"https:\/\/prvimaj.hr\/index.php?rest_route=%2Fwp%2Fv2%2Ftags&post=18152"}],"curies":[{"name":"wp","href":"https:\/\/api.w.org\/{rel}","templated":true}]}}