{"id":18156,"date":"2022-12-21T15:41:39","date_gmt":"2022-12-21T14:41:39","guid":{"rendered":"https:\/\/prvimaj.hr\/?p=18156"},"modified":"2022-12-21T15:41:58","modified_gmt":"2022-12-21T14:41:58","slug":"nevio-glusic","status":"publish","type":"post","link":"https:\/\/prvimaj.hr\/?p=18156","title":{"rendered":"Nevio  Glu\u0161i\u0107"},"content":{"rendered":"<p>S tugo u srcu jovljamo se rodbine, pretelami i znancima da nas je va utorak 20.12.2022. u 84. lete \u017eivota napusti na\u0161 voljeni<\/p>\n<h2 style=\"text-align: center\"><strong><em>NEVIO&nbsp; &nbsp; GLU\u0160I\u0106<\/em><\/strong><\/h2>\n<h3 style=\"text-align: center\"><strong><em>( od Labina )&nbsp;<\/em><\/strong><\/h3>\n<p><!--more--><\/p>\n<p>Funeral na\u0161ega Nevija \u0107e bit va \u010detrtak 22.12.2022. u krugu fameji i preteli od Komemorativnog centra va Labine na cimitar.<\/p>\n<p><strong><em>O\u017ealo\u0161\u0107eni:&nbsp;<\/em><\/strong>h\u0107i VESNA, zet MARIJANO, nuki ALEKSANDAR i ADRIANO s LUCIJO, kunjode ELDA, MARIJA, GRACIJELA i LJILJANA s famejami i&nbsp; sa ostala fameja.<\/p>\n\n\n<p><\/p>\n","protected":false},"excerpt":{"rendered":"<p>S tugo u srcu jovljamo se rodbine, pretelami i znancima da nas je va utorak 20.12.2022. u 84. lete \u017eivota napusti na\u0161 voljeni NEVIO&nbsp; &nbsp; GLU\u0160I\u0106 ( od Labina )&nbsp;<\/p>\n","protected":false},"author":3,"featured_media":18155,"comment_status":"closed","ping_status":"closed","sticky":false,"template":"","format":"standard","meta":[],"categories":[3],"tags":[],"_links":{"self":[{"href":"https:\/\/prvimaj.hr\/index.php?rest_route=\/wp\/v2\/posts\/18156"}],"collection":[{"href":"https:\/\/prvimaj.hr\/index.php?rest_route=\/wp\/v2\/posts"}],"about":[{"href":"https:\/\/prvimaj.hr\/index.php?rest_route=\/wp\/v2\/types\/post"}],"author":[{"embeddable":true,"href":"https:\/\/prvimaj.hr\/index.php?rest_route=\/wp\/v2\/users\/3"}],"replies":[{"embeddable":true,"href":"https:\/\/prvimaj.hr\/index.php?rest_route=%2Fwp%2Fv2%2Fcomments&post=18156"}],"version-history":[{"count":2,"href":"https:\/\/prvimaj.hr\/index.php?rest_route=\/wp\/v2\/posts\/18156\/revisions"}],"predecessor-version":[{"id":18158,"href":"https:\/\/prvimaj.hr\/index.php?rest_route=\/wp\/v2\/posts\/18156\/revisions\/18158"}],"wp:featuredmedia":[{"embeddable":true,"href":"https:\/\/prvimaj.hr\/index.php?rest_route=\/wp\/v2\/media\/18155"}],"wp:attachment":[{"href":"https:\/\/prvimaj.hr\/index.php?rest_route=%2Fwp%2Fv2%2Fmedia&parent=18156"}],"wp:term":[{"taxonomy":"category","embeddable":true,"href":"https:\/\/prvimaj.hr\/index.php?rest_route=%2Fwp%2Fv2%2Fcategories&post=18156"},{"taxonomy":"post_tag","embeddable":true,"href":"https:\/\/prvimaj.hr\/index.php?rest_route=%2Fwp%2Fv2%2Ftags&post=18156"}],"curies":[{"name":"wp","href":"https:\/\/api.w.org\/{rel}","templated":true}]}}