{"id":18170,"date":"2022-12-22T10:48:14","date_gmt":"2022-12-22T09:48:14","guid":{"rendered":"https:\/\/prvimaj.hr\/?p=18170"},"modified":"2022-12-22T10:48:25","modified_gmt":"2022-12-22T09:48:25","slug":"milka-vozila","status":"publish","type":"post","link":"https:\/\/prvimaj.hr\/?p=18170","title":{"rendered":"Milka Vozila"},"content":{"rendered":"<p>Svoje umorne o\u010di u utorak 21.12.2022. godine u 102- oj godini \u017eivota zauvijek je sklopila na\u0161a draga<\/p>\n<h2 style=\"text-align: center\"><em><strong>MILKA&nbsp; &nbsp;VOZILA<\/strong><\/em><\/h2>\n<h3 style=\"text-align: center\"><em><strong>( iz Vozili\u0107i )<\/strong><\/em><\/h3>\n<p><!--more-->Posljednji ispra\u0107aj na\u0161e voljene pokojnice biti \u0107e u petak 23.12.2022. godine u 13,00 sati na mjesnom groblju Plomin.<\/p>\n<p><em><strong>Tuguju\u0107a rodbina<\/strong><\/em><\/p>\n","protected":false},"excerpt":{"rendered":"<p>Svoje umorne o\u010di u utorak 21.12.2022. godine u 102- oj godini \u017eivota zauvijek je sklopila na\u0161a draga MILKA&nbsp; &nbsp;VOZILA ( iz Vozili\u0107i )<\/p>\n","protected":false},"author":3,"featured_media":18171,"comment_status":"closed","ping_status":"closed","sticky":false,"template":"","format":"standard","meta":[],"categories":[3],"tags":[],"_links":{"self":[{"href":"https:\/\/prvimaj.hr\/index.php?rest_route=\/wp\/v2\/posts\/18170"}],"collection":[{"href":"https:\/\/prvimaj.hr\/index.php?rest_route=\/wp\/v2\/posts"}],"about":[{"href":"https:\/\/prvimaj.hr\/index.php?rest_route=\/wp\/v2\/types\/post"}],"author":[{"embeddable":true,"href":"https:\/\/prvimaj.hr\/index.php?rest_route=\/wp\/v2\/users\/3"}],"replies":[{"embeddable":true,"href":"https:\/\/prvimaj.hr\/index.php?rest_route=%2Fwp%2Fv2%2Fcomments&post=18170"}],"version-history":[{"count":2,"href":"https:\/\/prvimaj.hr\/index.php?rest_route=\/wp\/v2\/posts\/18170\/revisions"}],"predecessor-version":[{"id":18173,"href":"https:\/\/prvimaj.hr\/index.php?rest_route=\/wp\/v2\/posts\/18170\/revisions\/18173"}],"wp:featuredmedia":[{"embeddable":true,"href":"https:\/\/prvimaj.hr\/index.php?rest_route=\/wp\/v2\/media\/18171"}],"wp:attachment":[{"href":"https:\/\/prvimaj.hr\/index.php?rest_route=%2Fwp%2Fv2%2Fmedia&parent=18170"}],"wp:term":[{"taxonomy":"category","embeddable":true,"href":"https:\/\/prvimaj.hr\/index.php?rest_route=%2Fwp%2Fv2%2Fcategories&post=18170"},{"taxonomy":"post_tag","embeddable":true,"href":"https:\/\/prvimaj.hr\/index.php?rest_route=%2Fwp%2Fv2%2Ftags&post=18170"}],"curies":[{"name":"wp","href":"https:\/\/api.w.org\/{rel}","templated":true}]}}