{"id":18198,"date":"2022-12-29T07:01:46","date_gmt":"2022-12-29T06:01:46","guid":{"rendered":"https:\/\/prvimaj.hr\/?p=18198"},"modified":"2022-12-29T07:02:06","modified_gmt":"2022-12-29T06:02:06","slug":"ivan-kontus","status":"publish","type":"post","link":"https:\/\/prvimaj.hr\/?p=18198","title":{"rendered":"Ivan  Kontu\u0161"},"content":{"rendered":"<p>S tugom u srcu javljamo rodbini, prijateljima i znancima da nas je&nbsp; u nedjelju 25.12.2022. godine u 93. godini \u017eivota napustio na\u0161 voljeni<\/p>\n<h2 style=\"text-align: center\"><strong><em>IVAN&nbsp; &nbsp; KONTU\u0160<\/em><\/strong><\/h2>\n<h3 style=\"text-align: center\"><strong><em>( iz Letaja )<\/em><\/strong><\/h3>\n<p><!--more--><\/p>\n<p>Posljednji ispra\u0107aj na\u0161eg voljenog pokojnika biti \u0107e u subotu 31.12.2022. godine u 11,00 sati iz \u017eupne crkve u \u0160u\u0161njevici na mjesno groblje.<\/p>\n<p><em><strong>O\u017ealo\u0161\u0107eni:&nbsp;<\/strong><\/em>k\u0107erke IRENA i ELEONORA, zet SILVO, unuka IRIS s familijom, sestra ANA sa familijom, ne\u0107akinje i ne\u0107aci sa familijama, te ostala tuguju\u0107a rodbina.<\/p>\n\n\n<p><\/p>\n","protected":false},"excerpt":{"rendered":"<p>S tugom u srcu javljamo rodbini, prijateljima i znancima da nas je&nbsp; u nedjelju 25.12.2022. godine u 93. godini \u017eivota napustio na\u0161 voljeni IVAN&nbsp; &nbsp; KONTU\u0160 ( iz Letaja )<\/p>\n","protected":false},"author":3,"featured_media":18197,"comment_status":"closed","ping_status":"closed","sticky":false,"template":"","format":"standard","meta":[],"categories":[3],"tags":[],"_links":{"self":[{"href":"https:\/\/prvimaj.hr\/index.php?rest_route=\/wp\/v2\/posts\/18198"}],"collection":[{"href":"https:\/\/prvimaj.hr\/index.php?rest_route=\/wp\/v2\/posts"}],"about":[{"href":"https:\/\/prvimaj.hr\/index.php?rest_route=\/wp\/v2\/types\/post"}],"author":[{"embeddable":true,"href":"https:\/\/prvimaj.hr\/index.php?rest_route=\/wp\/v2\/users\/3"}],"replies":[{"embeddable":true,"href":"https:\/\/prvimaj.hr\/index.php?rest_route=%2Fwp%2Fv2%2Fcomments&post=18198"}],"version-history":[{"count":2,"href":"https:\/\/prvimaj.hr\/index.php?rest_route=\/wp\/v2\/posts\/18198\/revisions"}],"predecessor-version":[{"id":18200,"href":"https:\/\/prvimaj.hr\/index.php?rest_route=\/wp\/v2\/posts\/18198\/revisions\/18200"}],"wp:featuredmedia":[{"embeddable":true,"href":"https:\/\/prvimaj.hr\/index.php?rest_route=\/wp\/v2\/media\/18197"}],"wp:attachment":[{"href":"https:\/\/prvimaj.hr\/index.php?rest_route=%2Fwp%2Fv2%2Fmedia&parent=18198"}],"wp:term":[{"taxonomy":"category","embeddable":true,"href":"https:\/\/prvimaj.hr\/index.php?rest_route=%2Fwp%2Fv2%2Fcategories&post=18198"},{"taxonomy":"post_tag","embeddable":true,"href":"https:\/\/prvimaj.hr\/index.php?rest_route=%2Fwp%2Fv2%2Ftags&post=18198"}],"curies":[{"name":"wp","href":"https:\/\/api.w.org\/{rel}","templated":true}]}}