{"id":18276,"date":"2023-01-08T09:28:11","date_gmt":"2023-01-08T08:28:11","guid":{"rendered":"https:\/\/prvimaj.hr\/?p=18276"},"modified":"2023-01-08T09:28:21","modified_gmt":"2023-01-08T08:28:21","slug":"serdo-demetlika","status":"publish","type":"post","link":"https:\/\/prvimaj.hr\/?p=18276","title":{"rendered":"Ser\u0111o Demetlika"},"content":{"rendered":"<p>S tugom u srcu javljamo rodbini, prijateljima i znancima da nas je u subotu 07.01.2023. godine u 76- oj godini \u017eivota napustio na\u0161 voljeni<\/p>\n<h2 style=\"text-align: center\"><em><strong>SER\u0110O&nbsp; DEMETLIKA<\/strong><\/em><\/h2>\n<h3 style=\"text-align: center\"><em><strong>( iz Vine\u017ea )<\/strong><\/em><\/h3>\n<p><!--more-->Posljednji ispra\u0107aj na\u0161eg voljenog pokojnika biti \u0107e u ponedjeljak 09.01.2023. godine u 14,00 sati iz Komemorativnog centra u Labinu na gradsko groblje.<\/p>\n<p><em><strong>Molimo za tihu su\u0107ut.<\/strong><\/em><\/p>\n<p><em><strong>O\u017ealo\u0161\u0107eni:&nbsp;<\/strong><\/em>sestra MARIZA, kunjade ROZALINA i MARICA, ne\u0107aci SEBASTIJAN, ELIO, VALDI i \u0110ONI sa obiteljima, te ostala tuguju\u0107a rodbina.<\/p>\n","protected":false},"excerpt":{"rendered":"<p>S tugom u srcu javljamo rodbini, prijateljima i znancima da nas je u subotu 07.01.2023. godine u 76- oj godini \u017eivota napustio na\u0161 voljeni SER\u0110O&nbsp; DEMETLIKA ( iz Vine\u017ea )<\/p>\n","protected":false},"author":3,"featured_media":18277,"comment_status":"closed","ping_status":"closed","sticky":false,"template":"","format":"standard","meta":[],"categories":[3],"tags":[],"_links":{"self":[{"href":"https:\/\/prvimaj.hr\/index.php?rest_route=\/wp\/v2\/posts\/18276"}],"collection":[{"href":"https:\/\/prvimaj.hr\/index.php?rest_route=\/wp\/v2\/posts"}],"about":[{"href":"https:\/\/prvimaj.hr\/index.php?rest_route=\/wp\/v2\/types\/post"}],"author":[{"embeddable":true,"href":"https:\/\/prvimaj.hr\/index.php?rest_route=\/wp\/v2\/users\/3"}],"replies":[{"embeddable":true,"href":"https:\/\/prvimaj.hr\/index.php?rest_route=%2Fwp%2Fv2%2Fcomments&post=18276"}],"version-history":[{"count":2,"href":"https:\/\/prvimaj.hr\/index.php?rest_route=\/wp\/v2\/posts\/18276\/revisions"}],"predecessor-version":[{"id":18279,"href":"https:\/\/prvimaj.hr\/index.php?rest_route=\/wp\/v2\/posts\/18276\/revisions\/18279"}],"wp:featuredmedia":[{"embeddable":true,"href":"https:\/\/prvimaj.hr\/index.php?rest_route=\/wp\/v2\/media\/18277"}],"wp:attachment":[{"href":"https:\/\/prvimaj.hr\/index.php?rest_route=%2Fwp%2Fv2%2Fmedia&parent=18276"}],"wp:term":[{"taxonomy":"category","embeddable":true,"href":"https:\/\/prvimaj.hr\/index.php?rest_route=%2Fwp%2Fv2%2Fcategories&post=18276"},{"taxonomy":"post_tag","embeddable":true,"href":"https:\/\/prvimaj.hr\/index.php?rest_route=%2Fwp%2Fv2%2Ftags&post=18276"}],"curies":[{"name":"wp","href":"https:\/\/api.w.org\/{rel}","templated":true}]}}