{"id":18438,"date":"2023-01-28T08:18:32","date_gmt":"2023-01-28T07:18:32","guid":{"rendered":"https:\/\/prvimaj.hr\/?p=18438"},"modified":"2023-01-28T08:18:42","modified_gmt":"2023-01-28T07:18:42","slug":"bruno-matas","status":"publish","type":"post","link":"https:\/\/prvimaj.hr\/?p=18438","title":{"rendered":"Bruno Matas"},"content":{"rendered":"<p>S tugom u srcu javljamo rodbini, prijateljima i znancima a nas je u srijedu 25.01.2023. godine u 85- oj godini \u017eivota napustio na\u0161 voljeni<\/p>\n<h2 style=\"text-align: center\"><em><strong>BRUNO&nbsp; &nbsp;MATAS<\/strong><\/em><\/h2>\n<h3 style=\"text-align: center\"><em><strong>( iz \u010cambareli\u0107i )<\/strong><\/em><\/h3>\n<p><!--more-->Posljednji ispra\u0107aj na\u0161eg voljenog pokojnika biti \u0107e u ponedjeljak 30.01.2023. godine u 14,00 sati iz Komemorativnog centra u Kr\u0161anu na mjesno groblje.<\/p>\n<p><em><strong>O\u017ealo\u0161\u0107eni:&nbsp;<\/strong><\/em>sin MANUEL, k\u0107erka TAMARA, nevjesta TINA, unuci DANIEL, VINCENT i SALINA, praunuka JESIKA, sestra MARIJA, ne\u0107akinja MIRELA i ne\u0107ak BRUNO, te ostala tuguju\u0107a rodbina.<\/p>\n\n\n<p><\/p>\n","protected":false},"excerpt":{"rendered":"<p>S tugom u srcu javljamo rodbini, prijateljima i znancima a nas je u srijedu 25.01.2023. godine u 85- oj godini \u017eivota napustio na\u0161 voljeni BRUNO&nbsp; &nbsp;MATAS ( iz \u010cambareli\u0107i )<\/p>\n","protected":false},"author":3,"featured_media":18439,"comment_status":"closed","ping_status":"closed","sticky":false,"template":"","format":"standard","meta":[],"categories":[3],"tags":[],"_links":{"self":[{"href":"https:\/\/prvimaj.hr\/index.php?rest_route=\/wp\/v2\/posts\/18438"}],"collection":[{"href":"https:\/\/prvimaj.hr\/index.php?rest_route=\/wp\/v2\/posts"}],"about":[{"href":"https:\/\/prvimaj.hr\/index.php?rest_route=\/wp\/v2\/types\/post"}],"author":[{"embeddable":true,"href":"https:\/\/prvimaj.hr\/index.php?rest_route=\/wp\/v2\/users\/3"}],"replies":[{"embeddable":true,"href":"https:\/\/prvimaj.hr\/index.php?rest_route=%2Fwp%2Fv2%2Fcomments&post=18438"}],"version-history":[{"count":2,"href":"https:\/\/prvimaj.hr\/index.php?rest_route=\/wp\/v2\/posts\/18438\/revisions"}],"predecessor-version":[{"id":18441,"href":"https:\/\/prvimaj.hr\/index.php?rest_route=\/wp\/v2\/posts\/18438\/revisions\/18441"}],"wp:featuredmedia":[{"embeddable":true,"href":"https:\/\/prvimaj.hr\/index.php?rest_route=\/wp\/v2\/media\/18439"}],"wp:attachment":[{"href":"https:\/\/prvimaj.hr\/index.php?rest_route=%2Fwp%2Fv2%2Fmedia&parent=18438"}],"wp:term":[{"taxonomy":"category","embeddable":true,"href":"https:\/\/prvimaj.hr\/index.php?rest_route=%2Fwp%2Fv2%2Fcategories&post=18438"},{"taxonomy":"post_tag","embeddable":true,"href":"https:\/\/prvimaj.hr\/index.php?rest_route=%2Fwp%2Fv2%2Ftags&post=18438"}],"curies":[{"name":"wp","href":"https:\/\/api.w.org\/{rel}","templated":true}]}}