{"id":18467,"date":"2023-02-04T08:59:44","date_gmt":"2023-02-04T07:59:44","guid":{"rendered":"https:\/\/prvimaj.hr\/?p=18467"},"modified":"2023-02-04T08:59:59","modified_gmt":"2023-02-04T07:59:59","slug":"marija-gobo-3","status":"publish","type":"post","link":"https:\/\/prvimaj.hr\/?p=18467","title":{"rendered":"Marija  Gobo"},"content":{"rendered":"<p>S tugom u srcu javljamo rodbini, prijateljima i znancima da nas je u petak 03.02.2023. godine u 87. godini \u017eivota napustila na\u0161a voljena<\/p>\n<h2 style=\"text-align: center\"><strong><em>MARIJA&nbsp; &nbsp; GOBO<\/em><\/strong><\/h2>\n<h3 style=\"text-align: center\"><strong><em>( iz Rogo\u010dane )<\/em><\/strong><\/h3>\n<p><!--more--><\/p>\n<p>Posljednji ispra\u0107aj na\u0161e voljene pokojnice biti \u0107e u ponedjeljak 06.02.2023. godine u krugu obitelji u 12,00 sati iz Komemorativnog centra u Labinu na gradsko groblje.<\/p>\n<p><em><strong>Molimo za tihu su\u0107ut.<\/strong><\/em><\/p>\n<p><strong><em>O\u017ealo\u0161\u0107eni:&nbsp;<\/em><\/strong>sin EDI, nevjesta DORIANA, unuk MATEJ, sestra IDA i brat IVAN sa familijama, kunjadi IBRAHIM i MILIO sa familijom, ne\u0107aci ENCO i LORETA sa familijama, te ostala TUGUJU\u0106A RODBINA.<\/p>\n\n\n<p><\/p>\n","protected":false},"excerpt":{"rendered":"<p>S tugom u srcu javljamo rodbini, prijateljima i znancima da nas je u petak 03.02.2023. godine u 87. godini \u017eivota napustila na\u0161a voljena MARIJA&nbsp; &nbsp; GOBO ( iz Rogo\u010dane )<\/p>\n","protected":false},"author":3,"featured_media":18466,"comment_status":"closed","ping_status":"closed","sticky":false,"template":"","format":"standard","meta":[],"categories":[3],"tags":[],"_links":{"self":[{"href":"https:\/\/prvimaj.hr\/index.php?rest_route=\/wp\/v2\/posts\/18467"}],"collection":[{"href":"https:\/\/prvimaj.hr\/index.php?rest_route=\/wp\/v2\/posts"}],"about":[{"href":"https:\/\/prvimaj.hr\/index.php?rest_route=\/wp\/v2\/types\/post"}],"author":[{"embeddable":true,"href":"https:\/\/prvimaj.hr\/index.php?rest_route=\/wp\/v2\/users\/3"}],"replies":[{"embeddable":true,"href":"https:\/\/prvimaj.hr\/index.php?rest_route=%2Fwp%2Fv2%2Fcomments&post=18467"}],"version-history":[{"count":2,"href":"https:\/\/prvimaj.hr\/index.php?rest_route=\/wp\/v2\/posts\/18467\/revisions"}],"predecessor-version":[{"id":18469,"href":"https:\/\/prvimaj.hr\/index.php?rest_route=\/wp\/v2\/posts\/18467\/revisions\/18469"}],"wp:featuredmedia":[{"embeddable":true,"href":"https:\/\/prvimaj.hr\/index.php?rest_route=\/wp\/v2\/media\/18466"}],"wp:attachment":[{"href":"https:\/\/prvimaj.hr\/index.php?rest_route=%2Fwp%2Fv2%2Fmedia&parent=18467"}],"wp:term":[{"taxonomy":"category","embeddable":true,"href":"https:\/\/prvimaj.hr\/index.php?rest_route=%2Fwp%2Fv2%2Fcategories&post=18467"},{"taxonomy":"post_tag","embeddable":true,"href":"https:\/\/prvimaj.hr\/index.php?rest_route=%2Fwp%2Fv2%2Ftags&post=18467"}],"curies":[{"name":"wp","href":"https:\/\/api.w.org\/{rel}","templated":true}]}}