{"id":18472,"date":"2023-02-04T17:35:37","date_gmt":"2023-02-04T16:35:37","guid":{"rendered":"https:\/\/prvimaj.hr\/?p=18472"},"modified":"2023-02-04T17:35:58","modified_gmt":"2023-02-04T16:35:58","slug":"fazila-beganovic","status":"publish","type":"post","link":"https:\/\/prvimaj.hr\/?p=18472","title":{"rendered":"Fazila  Beganovi\u0107"},"content":{"rendered":"<p>S tugom u srcu javljamo svoj rodbini, prijateljima i znancima \u017ealosnu vijest da je na\u0161a rahmetli<\/p>\n<h2 style=\"text-align: center\"><strong><em>FAZILA&nbsp; &nbsp; BEGANOVI\u0106<\/em><\/strong><\/h2>\n<h3 style=\"text-align: center\"><strong><em>( iz Labina )<\/em><\/strong><\/h3>\n<p><!--more--><\/p>\n<p>preselila na ahiret u petak 03.02.2023. godine u 88. godini \u017eivota, D\u017eenaza \u0107e krenuti u utorak 07.02.2023. godine u 15,00 sati iz Komemorativnog centra u Labinu na gradsko groblje.<\/p>\n<p><em><strong>O\u017ealo\u0161\u0107eni:&nbsp;<\/strong><\/em>k\u0107erka ZLATA, sinovi MUNIR, MUNIB, ENVER i E\u0160EF sa familijama, brat D\u017dEMAL, sestre MEHMEDIJE i FATMA sa familijama, te ostala mnogobrojna rodbina, prijatelji i susjedi.<\/p>\n","protected":false},"excerpt":{"rendered":"<p>S tugom u srcu javljamo svoj rodbini, prijateljima i znancima \u017ealosnu vijest da je na\u0161a rahmetli FAZILA&nbsp; &nbsp; BEGANOVI\u0106 ( iz Labina )<\/p>\n","protected":false},"author":3,"featured_media":18470,"comment_status":"closed","ping_status":"closed","sticky":false,"template":"","format":"standard","meta":[],"categories":[3],"tags":[],"_links":{"self":[{"href":"https:\/\/prvimaj.hr\/index.php?rest_route=\/wp\/v2\/posts\/18472"}],"collection":[{"href":"https:\/\/prvimaj.hr\/index.php?rest_route=\/wp\/v2\/posts"}],"about":[{"href":"https:\/\/prvimaj.hr\/index.php?rest_route=\/wp\/v2\/types\/post"}],"author":[{"embeddable":true,"href":"https:\/\/prvimaj.hr\/index.php?rest_route=\/wp\/v2\/users\/3"}],"replies":[{"embeddable":true,"href":"https:\/\/prvimaj.hr\/index.php?rest_route=%2Fwp%2Fv2%2Fcomments&post=18472"}],"version-history":[{"count":2,"href":"https:\/\/prvimaj.hr\/index.php?rest_route=\/wp\/v2\/posts\/18472\/revisions"}],"predecessor-version":[{"id":18474,"href":"https:\/\/prvimaj.hr\/index.php?rest_route=\/wp\/v2\/posts\/18472\/revisions\/18474"}],"wp:featuredmedia":[{"embeddable":true,"href":"https:\/\/prvimaj.hr\/index.php?rest_route=\/wp\/v2\/media\/18470"}],"wp:attachment":[{"href":"https:\/\/prvimaj.hr\/index.php?rest_route=%2Fwp%2Fv2%2Fmedia&parent=18472"}],"wp:term":[{"taxonomy":"category","embeddable":true,"href":"https:\/\/prvimaj.hr\/index.php?rest_route=%2Fwp%2Fv2%2Fcategories&post=18472"},{"taxonomy":"post_tag","embeddable":true,"href":"https:\/\/prvimaj.hr\/index.php?rest_route=%2Fwp%2Fv2%2Ftags&post=18472"}],"curies":[{"name":"wp","href":"https:\/\/api.w.org\/{rel}","templated":true}]}}