{"id":18487,"date":"2023-02-07T06:42:24","date_gmt":"2023-02-07T05:42:24","guid":{"rendered":"https:\/\/prvimaj.hr\/?p=18487"},"modified":"2023-02-07T06:43:12","modified_gmt":"2023-02-07T05:43:12","slug":"dana-luznar","status":"publish","type":"post","link":"https:\/\/prvimaj.hr\/?p=18487","title":{"rendered":"\u0110ana  Luznar"},"content":{"rendered":"<p>S tugom u srcu javljamo rodbini, prijateljima i znancima da nas je u subotu 04.02.2023. godine u 75. godini \u017eivota napustila na\u0161a voljena<\/p>\n<h2 style=\"text-align: center\"><strong><em>\u0110ANA&nbsp; &nbsp; LUZNAR<\/em><\/strong><\/h2>\n<h3 style=\"text-align: center\"><strong><em>( ro\u0111. Rajkovi\u0107 iz Rapca )<\/em><\/strong><\/h3>\n<p><!--more--><\/p>\n<p>Posljednji ispra\u0107aj na\u0161e voljene pokojnice biti \u0107e u \u010detvrtak 09.02.2023. godine u 14,30 sati iz Komemorativnog centra u Labinu na gradsko groblje.<\/p>\n<p><em><strong>O\u017ealo\u0161\u0107eni:&nbsp;<\/strong><\/em>k\u0107erka SANDRA, zet RENCO, unuci EDI i DAVID, cija ANA, strni\u0161ne LAURA, NERINA i U\u010cA sa familijama, te ostala tuguju\u0107a rodbina.<\/p>\n","protected":false},"excerpt":{"rendered":"<p>S tugom u srcu javljamo rodbini, prijateljima i znancima da nas je u subotu 04.02.2023. godine u 75. godini \u017eivota napustila na\u0161a voljena \u0110ANA&nbsp; &nbsp; LUZNAR ( ro\u0111. Rajkovi\u0107 iz Rapca )<\/p>\n","protected":false},"author":3,"featured_media":18486,"comment_status":"closed","ping_status":"closed","sticky":false,"template":"","format":"standard","meta":[],"categories":[3],"tags":[],"_links":{"self":[{"href":"https:\/\/prvimaj.hr\/index.php?rest_route=\/wp\/v2\/posts\/18487"}],"collection":[{"href":"https:\/\/prvimaj.hr\/index.php?rest_route=\/wp\/v2\/posts"}],"about":[{"href":"https:\/\/prvimaj.hr\/index.php?rest_route=\/wp\/v2\/types\/post"}],"author":[{"embeddable":true,"href":"https:\/\/prvimaj.hr\/index.php?rest_route=\/wp\/v2\/users\/3"}],"replies":[{"embeddable":true,"href":"https:\/\/prvimaj.hr\/index.php?rest_route=%2Fwp%2Fv2%2Fcomments&post=18487"}],"version-history":[{"count":2,"href":"https:\/\/prvimaj.hr\/index.php?rest_route=\/wp\/v2\/posts\/18487\/revisions"}],"predecessor-version":[{"id":18489,"href":"https:\/\/prvimaj.hr\/index.php?rest_route=\/wp\/v2\/posts\/18487\/revisions\/18489"}],"wp:featuredmedia":[{"embeddable":true,"href":"https:\/\/prvimaj.hr\/index.php?rest_route=\/wp\/v2\/media\/18486"}],"wp:attachment":[{"href":"https:\/\/prvimaj.hr\/index.php?rest_route=%2Fwp%2Fv2%2Fmedia&parent=18487"}],"wp:term":[{"taxonomy":"category","embeddable":true,"href":"https:\/\/prvimaj.hr\/index.php?rest_route=%2Fwp%2Fv2%2Fcategories&post=18487"},{"taxonomy":"post_tag","embeddable":true,"href":"https:\/\/prvimaj.hr\/index.php?rest_route=%2Fwp%2Fv2%2Ftags&post=18487"}],"curies":[{"name":"wp","href":"https:\/\/api.w.org\/{rel}","templated":true}]}}