{"id":18491,"date":"2023-02-07T08:10:34","date_gmt":"2023-02-07T07:10:34","guid":{"rendered":"https:\/\/prvimaj.hr\/?p=18491"},"modified":"2023-02-07T08:10:47","modified_gmt":"2023-02-07T07:10:47","slug":"hasan-karic","status":"publish","type":"post","link":"https:\/\/prvimaj.hr\/?p=18491","title":{"rendered":"Hasan  Kari\u0107"},"content":{"rendered":"<p>S tugom u srcu javljamo rodbini, prijateljima i znancima \u017ealosnu vijest da je na\u0161 rahmetli<\/p>\n<h2 style=\"text-align: center\"><strong><em>HASAN&nbsp; &nbsp; KARI\u0106<\/em><\/strong><\/h2>\n<h3 style=\"text-align: center\"><strong><em>( iz Labina )<\/em><\/strong><\/h3>\n<p><!--more--><\/p>\n<p>preselio na ahiret u ponedjeljak 06.02.2023. godine u 85. godini \u017eivota. D\u017eenaza \u0107e krenuti u srijedu 08.02.2023. godine u 14,30 sati iz Komemorativnog centra u Labinu na gradsko groblje.<\/p>\n<p><strong><em>O\u017ealo\u0161\u0107eni:<\/em><\/strong> <em>s<\/em>upruga HASNIJA, sin ENVER, k\u0107erke RAMIZA i NADIRA, snaha SEDINA, zetovi SAKIB i MUNEVER, unuci JASMIN sa SANJOM, SANEL s MATEOM, AJDIN, LEJLA, ELMA i SELINA, praunuk RAJAN, brat HUSEIN sa familijom, te ostala tuguju\u0107a rodbina.<\/p>\n\n\n<p><\/p>\n","protected":false},"excerpt":{"rendered":"<p>S tugom u srcu javljamo rodbini, prijateljima i znancima \u017ealosnu vijest da je na\u0161 rahmetli HASAN&nbsp; &nbsp; KARI\u0106 ( iz Labina )<\/p>\n","protected":false},"author":3,"featured_media":18490,"comment_status":"closed","ping_status":"closed","sticky":false,"template":"","format":"standard","meta":[],"categories":[3],"tags":[],"_links":{"self":[{"href":"https:\/\/prvimaj.hr\/index.php?rest_route=\/wp\/v2\/posts\/18491"}],"collection":[{"href":"https:\/\/prvimaj.hr\/index.php?rest_route=\/wp\/v2\/posts"}],"about":[{"href":"https:\/\/prvimaj.hr\/index.php?rest_route=\/wp\/v2\/types\/post"}],"author":[{"embeddable":true,"href":"https:\/\/prvimaj.hr\/index.php?rest_route=\/wp\/v2\/users\/3"}],"replies":[{"embeddable":true,"href":"https:\/\/prvimaj.hr\/index.php?rest_route=%2Fwp%2Fv2%2Fcomments&post=18491"}],"version-history":[{"count":2,"href":"https:\/\/prvimaj.hr\/index.php?rest_route=\/wp\/v2\/posts\/18491\/revisions"}],"predecessor-version":[{"id":18493,"href":"https:\/\/prvimaj.hr\/index.php?rest_route=\/wp\/v2\/posts\/18491\/revisions\/18493"}],"wp:featuredmedia":[{"embeddable":true,"href":"https:\/\/prvimaj.hr\/index.php?rest_route=\/wp\/v2\/media\/18490"}],"wp:attachment":[{"href":"https:\/\/prvimaj.hr\/index.php?rest_route=%2Fwp%2Fv2%2Fmedia&parent=18491"}],"wp:term":[{"taxonomy":"category","embeddable":true,"href":"https:\/\/prvimaj.hr\/index.php?rest_route=%2Fwp%2Fv2%2Fcategories&post=18491"},{"taxonomy":"post_tag","embeddable":true,"href":"https:\/\/prvimaj.hr\/index.php?rest_route=%2Fwp%2Fv2%2Ftags&post=18491"}],"curies":[{"name":"wp","href":"https:\/\/api.w.org\/{rel}","templated":true}]}}