{"id":18500,"date":"2023-02-08T14:26:02","date_gmt":"2023-02-08T13:26:02","guid":{"rendered":"https:\/\/prvimaj.hr\/?p=18500"},"modified":"2023-02-08T14:26:13","modified_gmt":"2023-02-08T13:26:13","slug":"aldo-mohorovic","status":"publish","type":"post","link":"https:\/\/prvimaj.hr\/?p=18500","title":{"rendered":"Aldo  Mohorovi\u0107"},"content":{"rendered":"<p>S tugom u srcu javljamo rodbini, prijateljima i znancima da nas je u srijedu 08.02.2023. godine u 88. godini \u017eivota napustio na\u0161 voljeni<\/p>\n<h2 style=\"text-align: center\"><strong><em>ALDO&nbsp; &nbsp; &nbsp;MOHOROVI\u0106<\/em><\/strong><\/h2>\n<h3 style=\"text-align: center\"><strong><em>( iz Vele \u010camparovice )<\/em><\/strong><\/h3>\n<p><!--more--><\/p>\n<p>Posljednji ispra\u0107aj na\u0161eg voljenog pokojnika biti \u0107e u \u010detvrtak 09.02.2023. godine u krugu obitelji u 13,00 sati iz Komemorativnog centra u Sv.Martinu &#8211; Martinskom na mjesno groblje.<\/p>\n<p><em><strong>O\u017ealo\u0161\u0107eni:&nbsp;<\/strong><\/em>supruga RINA, sinovi NEVIO i GORAN, nevjeste \u017dELJKA i ELVIRA, unuci SAMANTA s EDISOM, IVANA i KRISTIAN, praunuka MAJA, sestra NADA sa familijom i brat ALBINO, te ostala tuguju\u0107a rodbina.<\/p>\n\n\n<p><\/p>\n","protected":false},"excerpt":{"rendered":"<p>S tugom u srcu javljamo rodbini, prijateljima i znancima da nas je u srijedu 08.02.2023. godine u 88. godini \u017eivota napustio na\u0161 voljeni ALDO&nbsp; &nbsp; &nbsp;MOHOROVI\u0106 ( iz Vele \u010camparovice )<\/p>\n","protected":false},"author":3,"featured_media":18499,"comment_status":"closed","ping_status":"closed","sticky":false,"template":"","format":"standard","meta":[],"categories":[3],"tags":[],"_links":{"self":[{"href":"https:\/\/prvimaj.hr\/index.php?rest_route=\/wp\/v2\/posts\/18500"}],"collection":[{"href":"https:\/\/prvimaj.hr\/index.php?rest_route=\/wp\/v2\/posts"}],"about":[{"href":"https:\/\/prvimaj.hr\/index.php?rest_route=\/wp\/v2\/types\/post"}],"author":[{"embeddable":true,"href":"https:\/\/prvimaj.hr\/index.php?rest_route=\/wp\/v2\/users\/3"}],"replies":[{"embeddable":true,"href":"https:\/\/prvimaj.hr\/index.php?rest_route=%2Fwp%2Fv2%2Fcomments&post=18500"}],"version-history":[{"count":3,"href":"https:\/\/prvimaj.hr\/index.php?rest_route=\/wp\/v2\/posts\/18500\/revisions"}],"predecessor-version":[{"id":18503,"href":"https:\/\/prvimaj.hr\/index.php?rest_route=\/wp\/v2\/posts\/18500\/revisions\/18503"}],"wp:featuredmedia":[{"embeddable":true,"href":"https:\/\/prvimaj.hr\/index.php?rest_route=\/wp\/v2\/media\/18499"}],"wp:attachment":[{"href":"https:\/\/prvimaj.hr\/index.php?rest_route=%2Fwp%2Fv2%2Fmedia&parent=18500"}],"wp:term":[{"taxonomy":"category","embeddable":true,"href":"https:\/\/prvimaj.hr\/index.php?rest_route=%2Fwp%2Fv2%2Fcategories&post=18500"},{"taxonomy":"post_tag","embeddable":true,"href":"https:\/\/prvimaj.hr\/index.php?rest_route=%2Fwp%2Fv2%2Ftags&post=18500"}],"curies":[{"name":"wp","href":"https:\/\/api.w.org\/{rel}","templated":true}]}}