{"id":18517,"date":"2023-02-11T10:17:14","date_gmt":"2023-02-11T09:17:14","guid":{"rendered":"https:\/\/prvimaj.hr\/?p=18517"},"modified":"2023-02-11T10:17:29","modified_gmt":"2023-02-11T09:17:29","slug":"elia-stepancic","status":"publish","type":"post","link":"https:\/\/prvimaj.hr\/?p=18517","title":{"rendered":"Elia  Stepan\u010di\u0107"},"content":{"rendered":"<p>S tugom u srcu javljamo rodbini, prijateljima i znancima da nas je u petak 10.02.2023. godine u 82. godini \u017eivota napustila na\u0161a voljena&nbsp;<\/p>\n<h2 style=\"text-align: center\"><strong><em>ELIA&nbsp; &nbsp; STEPAN\u010cI\u0106<\/em><\/strong><\/h2>\n<h3 style=\"text-align: center\"><strong><em>( ro\u0111. Ravni\u0107 iz Nede\u0161\u0107ine )<\/em><\/strong><\/h3>\n<p><!--more--><\/p>\n<p>Posljednji ispra\u0107aj na\u0161e voljene pokojnice biti \u0107e u utorak 14.02.2023. godine u 14,00 sati iz Komemorativnog centra u Sv.Nedelji &#8211; Nede\u0161\u0107ini na mjesno groblje.<\/p>\n<p><em><strong>O\u017ealo\u0161\u0107eni:&nbsp;<\/strong><\/em>k\u0107erke DORIS i KLARA, zet ILARIO, unuci SAMANTA s EDIJEM, DINO, DALIBOR s VEDRANOM i DAMIJAN, praunuci GABRIEL i LUCIJA, sestra LIDIJA s ATILIOM, kunjade NEDA i BRUNA sa familijama, te ostala tuguju\u0107a rodbina.<\/p>\n<p><\/p>\n\n\n<p><\/p>\n","protected":false},"excerpt":{"rendered":"<p>S tugom u srcu javljamo rodbini, prijateljima i znancima da nas je u petak 10.02.2023. godine u 82. godini \u017eivota napustila na\u0161a voljena&nbsp; ELIA&nbsp; &nbsp; STEPAN\u010cI\u0106 ( ro\u0111. Ravni\u0107 iz Nede\u0161\u0107ine )<\/p>\n","protected":false},"author":3,"featured_media":18516,"comment_status":"closed","ping_status":"closed","sticky":false,"template":"","format":"standard","meta":[],"categories":[3],"tags":[],"_links":{"self":[{"href":"https:\/\/prvimaj.hr\/index.php?rest_route=\/wp\/v2\/posts\/18517"}],"collection":[{"href":"https:\/\/prvimaj.hr\/index.php?rest_route=\/wp\/v2\/posts"}],"about":[{"href":"https:\/\/prvimaj.hr\/index.php?rest_route=\/wp\/v2\/types\/post"}],"author":[{"embeddable":true,"href":"https:\/\/prvimaj.hr\/index.php?rest_route=\/wp\/v2\/users\/3"}],"replies":[{"embeddable":true,"href":"https:\/\/prvimaj.hr\/index.php?rest_route=%2Fwp%2Fv2%2Fcomments&post=18517"}],"version-history":[{"count":2,"href":"https:\/\/prvimaj.hr\/index.php?rest_route=\/wp\/v2\/posts\/18517\/revisions"}],"predecessor-version":[{"id":18519,"href":"https:\/\/prvimaj.hr\/index.php?rest_route=\/wp\/v2\/posts\/18517\/revisions\/18519"}],"wp:featuredmedia":[{"embeddable":true,"href":"https:\/\/prvimaj.hr\/index.php?rest_route=\/wp\/v2\/media\/18516"}],"wp:attachment":[{"href":"https:\/\/prvimaj.hr\/index.php?rest_route=%2Fwp%2Fv2%2Fmedia&parent=18517"}],"wp:term":[{"taxonomy":"category","embeddable":true,"href":"https:\/\/prvimaj.hr\/index.php?rest_route=%2Fwp%2Fv2%2Fcategories&post=18517"},{"taxonomy":"post_tag","embeddable":true,"href":"https:\/\/prvimaj.hr\/index.php?rest_route=%2Fwp%2Fv2%2Ftags&post=18517"}],"curies":[{"name":"wp","href":"https:\/\/api.w.org\/{rel}","templated":true}]}}