{"id":18551,"date":"2023-02-13T15:45:30","date_gmt":"2023-02-13T14:45:30","guid":{"rendered":"https:\/\/prvimaj.hr\/?p=18551"},"modified":"2023-02-13T15:45:50","modified_gmt":"2023-02-13T14:45:50","slug":"miriam-brencic-cindric","status":"publish","type":"post","link":"https:\/\/prvimaj.hr\/?p=18551","title":{"rendered":"Miriam  Bren\u010di\u0107  Cindri\u0107"},"content":{"rendered":"<p>U dubokoj boli tu\u017enim srcem javljamo svoj rodbini, prijateljima i znancima \u017ealosnu vijest da je u nedjelju 12.02.2023. godine u 47. godini \u017eivota tragi\u010dno preminula na\u0161a voljena mama, k\u0107erka, sestra, teta i supruga<\/p>\n<h2 style=\"text-align: center\"><strong><em>MIRIAM&nbsp; &nbsp;BREN\u010cI\u0106&nbsp; &nbsp; CINDRI\u0106<\/em><\/strong><\/h2>\n<h3 style=\"text-align: center\"><strong><em>dr.med.<\/em><\/strong><\/h3>\n<p><!--more--><\/p>\n<p>Posljednji tu\u017eni ispra\u0107aj na\u0161e drage Miriam bit \u0107e u srijedu 15.02.2023. godine u 15,00 sati iz Komemorativnog centra u Labinu na gradsko groblje u krugu obitelji, rodbine i prijatelja.<\/p>\n<p><strong><em>O\u017ealo\u0161\u0107eni:&nbsp;<\/em><\/strong>sinovi MARIO i ANTON, mama JADRANKA i tata \u017dELJKO, sestra VESELA, ne\u0107aci MATE i NEVEN, suprug IGOR, te ostala tuguju\u0107a rodbina.<\/p>\n\n\n<p><\/p>\n","protected":false},"excerpt":{"rendered":"<p>U dubokoj boli tu\u017enim srcem javljamo svoj rodbini, prijateljima i znancima \u017ealosnu vijest da je u nedjelju 12.02.2023. godine u 47. godini \u017eivota tragi\u010dno preminula na\u0161a voljena mama, k\u0107erka, sestra, teta i supruga MIRIAM&nbsp; &nbsp;BREN\u010cI\u0106&nbsp; &nbsp; CINDRI\u0106 dr.med.<\/p>\n","protected":false},"author":3,"featured_media":18550,"comment_status":"closed","ping_status":"closed","sticky":false,"template":"","format":"standard","meta":[],"categories":[3],"tags":[],"_links":{"self":[{"href":"https:\/\/prvimaj.hr\/index.php?rest_route=\/wp\/v2\/posts\/18551"}],"collection":[{"href":"https:\/\/prvimaj.hr\/index.php?rest_route=\/wp\/v2\/posts"}],"about":[{"href":"https:\/\/prvimaj.hr\/index.php?rest_route=\/wp\/v2\/types\/post"}],"author":[{"embeddable":true,"href":"https:\/\/prvimaj.hr\/index.php?rest_route=\/wp\/v2\/users\/3"}],"replies":[{"embeddable":true,"href":"https:\/\/prvimaj.hr\/index.php?rest_route=%2Fwp%2Fv2%2Fcomments&post=18551"}],"version-history":[{"count":2,"href":"https:\/\/prvimaj.hr\/index.php?rest_route=\/wp\/v2\/posts\/18551\/revisions"}],"predecessor-version":[{"id":18553,"href":"https:\/\/prvimaj.hr\/index.php?rest_route=\/wp\/v2\/posts\/18551\/revisions\/18553"}],"wp:featuredmedia":[{"embeddable":true,"href":"https:\/\/prvimaj.hr\/index.php?rest_route=\/wp\/v2\/media\/18550"}],"wp:attachment":[{"href":"https:\/\/prvimaj.hr\/index.php?rest_route=%2Fwp%2Fv2%2Fmedia&parent=18551"}],"wp:term":[{"taxonomy":"category","embeddable":true,"href":"https:\/\/prvimaj.hr\/index.php?rest_route=%2Fwp%2Fv2%2Fcategories&post=18551"},{"taxonomy":"post_tag","embeddable":true,"href":"https:\/\/prvimaj.hr\/index.php?rest_route=%2Fwp%2Fv2%2Ftags&post=18551"}],"curies":[{"name":"wp","href":"https:\/\/api.w.org\/{rel}","templated":true}]}}