{"id":18557,"date":"2023-02-14T10:26:43","date_gmt":"2023-02-14T09:26:43","guid":{"rendered":"https:\/\/prvimaj.hr\/?p=18557"},"modified":"2023-02-14T10:27:02","modified_gmt":"2023-02-14T09:27:02","slug":"damir-kirsic","status":"publish","type":"post","link":"https:\/\/prvimaj.hr\/?p=18557","title":{"rendered":"Damir  Kir\u0161i\u0107"},"content":{"rendered":"<p>S tugom u srcu javljamo rodbini, prijateljima i znancima da nas u nedjelju 12.02.2023. godine napustio na\u0161 voljeni<\/p>\n<h2 style=\"text-align: center\"><strong><em>DAMIR&nbsp; &nbsp; &nbsp;KIR\u0160I\u0106<\/em><\/strong><\/h2>\n<h3 style=\"text-align: center\"><strong><em>( Komesor )<\/em><\/strong><\/h3>\n<p><!--more--><\/p>\n<p>Posljednji ispra\u0107aj na\u0161eg voljenog pokojnika biti \u0107e u srijedu 15.02.2023. godine u krugu fameje i preteli u 13,00 sati iz Komemorativnog centra u Sv.Nedelji &#8211; Nede\u0161\u0107ini na mjesno groblje.<\/p>\n<p><em><strong>O\u017ealo\u0161\u0107eni:&nbsp;<\/strong><\/em>supruga ROSANA, k\u0107erka CHIARA, sin PAOLO, sestra GORDANA s famejo, cije ANA i PIERINA sa famejami, te ostala tuguju\u0107a rodbina.<\/p>\n<p><\/p>\n\n\n<p><\/p>\n","protected":false},"excerpt":{"rendered":"<p>S tugom u srcu javljamo rodbini, prijateljima i znancima da nas u nedjelju 12.02.2023. godine napustio na\u0161 voljeni DAMIR&nbsp; &nbsp; &nbsp;KIR\u0160I\u0106 ( Komesor )<\/p>\n","protected":false},"author":3,"featured_media":18556,"comment_status":"closed","ping_status":"closed","sticky":false,"template":"","format":"standard","meta":[],"categories":[3],"tags":[],"_links":{"self":[{"href":"https:\/\/prvimaj.hr\/index.php?rest_route=\/wp\/v2\/posts\/18557"}],"collection":[{"href":"https:\/\/prvimaj.hr\/index.php?rest_route=\/wp\/v2\/posts"}],"about":[{"href":"https:\/\/prvimaj.hr\/index.php?rest_route=\/wp\/v2\/types\/post"}],"author":[{"embeddable":true,"href":"https:\/\/prvimaj.hr\/index.php?rest_route=\/wp\/v2\/users\/3"}],"replies":[{"embeddable":true,"href":"https:\/\/prvimaj.hr\/index.php?rest_route=%2Fwp%2Fv2%2Fcomments&post=18557"}],"version-history":[{"count":2,"href":"https:\/\/prvimaj.hr\/index.php?rest_route=\/wp\/v2\/posts\/18557\/revisions"}],"predecessor-version":[{"id":18559,"href":"https:\/\/prvimaj.hr\/index.php?rest_route=\/wp\/v2\/posts\/18557\/revisions\/18559"}],"wp:featuredmedia":[{"embeddable":true,"href":"https:\/\/prvimaj.hr\/index.php?rest_route=\/wp\/v2\/media\/18556"}],"wp:attachment":[{"href":"https:\/\/prvimaj.hr\/index.php?rest_route=%2Fwp%2Fv2%2Fmedia&parent=18557"}],"wp:term":[{"taxonomy":"category","embeddable":true,"href":"https:\/\/prvimaj.hr\/index.php?rest_route=%2Fwp%2Fv2%2Fcategories&post=18557"},{"taxonomy":"post_tag","embeddable":true,"href":"https:\/\/prvimaj.hr\/index.php?rest_route=%2Fwp%2Fv2%2Ftags&post=18557"}],"curies":[{"name":"wp","href":"https:\/\/api.w.org\/{rel}","templated":true}]}}