{"id":18635,"date":"2023-02-27T08:37:28","date_gmt":"2023-02-27T07:37:28","guid":{"rendered":"https:\/\/prvimaj.hr\/?p=18635"},"modified":"2023-02-27T08:37:37","modified_gmt":"2023-02-27T07:37:37","slug":"alija-suljic","status":"publish","type":"post","link":"https:\/\/prvimaj.hr\/?p=18635","title":{"rendered":"Alija Sulji\u0107"},"content":{"rendered":"<p>S tugom u srcu javljamo svoj rodbini, prijateljima i znancima \u017ealosnu vijest da je na\u0161 rahmetli<\/p>\n<h2 style=\"text-align: center\"><em><strong>ALIJA&nbsp; &nbsp;SULJI\u0106<\/strong><\/em><\/h2>\n<h3 style=\"text-align: center\"><em><strong>( iz Labina )<\/strong><\/em><\/h3>\n<p><!--more-->preselio na ahiret u petak 24.02.2023. godine u 73- oj godini \u017eivota. D\u017eenaza \u0107e krenuti u utorak 28.02.2023. godine u 15,00 sati iz Komemorativnog centra u Labinu na gradsko groblje.<\/p>\n<p><em><strong>O\u017ealo\u0161\u0107eni:&nbsp;<\/strong><\/em>supruga SUBHIJA, sinovi ENES, NEVRES, SANEL sa SONJOM, snahe SAMIRA i SAMRA, unuci MERLIN s MAJOM, ARIF, EDVIN, MERJEMA, AIDA, SAIRA i MAJDA, praunuci ASJA i RAJAN, sestre DEVLIJA, bra\u0107a HUSEIN i HASAN sa familijama, te ostala tuguju\u0107a rodbina.<\/p>\n","protected":false},"excerpt":{"rendered":"<p>S tugom u srcu javljamo svoj rodbini, prijateljima i znancima \u017ealosnu vijest da je na\u0161 rahmetli ALIJA&nbsp; &nbsp;SULJI\u0106 ( iz Labina )<\/p>\n","protected":false},"author":3,"featured_media":18636,"comment_status":"closed","ping_status":"closed","sticky":false,"template":"","format":"standard","meta":[],"categories":[3],"tags":[],"_links":{"self":[{"href":"https:\/\/prvimaj.hr\/index.php?rest_route=\/wp\/v2\/posts\/18635"}],"collection":[{"href":"https:\/\/prvimaj.hr\/index.php?rest_route=\/wp\/v2\/posts"}],"about":[{"href":"https:\/\/prvimaj.hr\/index.php?rest_route=\/wp\/v2\/types\/post"}],"author":[{"embeddable":true,"href":"https:\/\/prvimaj.hr\/index.php?rest_route=\/wp\/v2\/users\/3"}],"replies":[{"embeddable":true,"href":"https:\/\/prvimaj.hr\/index.php?rest_route=%2Fwp%2Fv2%2Fcomments&post=18635"}],"version-history":[{"count":2,"href":"https:\/\/prvimaj.hr\/index.php?rest_route=\/wp\/v2\/posts\/18635\/revisions"}],"predecessor-version":[{"id":18638,"href":"https:\/\/prvimaj.hr\/index.php?rest_route=\/wp\/v2\/posts\/18635\/revisions\/18638"}],"wp:featuredmedia":[{"embeddable":true,"href":"https:\/\/prvimaj.hr\/index.php?rest_route=\/wp\/v2\/media\/18636"}],"wp:attachment":[{"href":"https:\/\/prvimaj.hr\/index.php?rest_route=%2Fwp%2Fv2%2Fmedia&parent=18635"}],"wp:term":[{"taxonomy":"category","embeddable":true,"href":"https:\/\/prvimaj.hr\/index.php?rest_route=%2Fwp%2Fv2%2Fcategories&post=18635"},{"taxonomy":"post_tag","embeddable":true,"href":"https:\/\/prvimaj.hr\/index.php?rest_route=%2Fwp%2Fv2%2Ftags&post=18635"}],"curies":[{"name":"wp","href":"https:\/\/api.w.org\/{rel}","templated":true}]}}