{"id":18639,"date":"2023-02-27T08:49:57","date_gmt":"2023-02-27T07:49:57","guid":{"rendered":"https:\/\/prvimaj.hr\/?p=18639"},"modified":"2023-02-27T08:50:16","modified_gmt":"2023-02-27T07:50:16","slug":"rita-sturbej","status":"publish","type":"post","link":"https:\/\/prvimaj.hr\/?p=18639","title":{"rendered":"Rita \u0160turbej"},"content":{"rendered":"<p>S tugom u srcu javljamo rodbini, prijateljima i znancima da nas je u nedjelju 26.02.2023. godine u 80- oj godini \u017eivota napustila na\u0161a voljena<\/p>\n<h2 style=\"text-align: center\"><em><strong>RITA&nbsp; \u0160TURBEJ<\/strong><\/em><\/h2>\n<h3 style=\"text-align: center\"><em><strong>( ro\u0111. Damiani )<\/strong><\/em><\/h3>\n<p><!--more-->Posljednji ispra\u0107aj na\u0161e voljene pokojnice biti \u0107e u utorak 28.02.2023. godine u 14,00 sati iz Komemorativnog centra u \u010cepi\u0107u na mjesno groblje.<\/p>\n<p><em><strong>O\u017ealo\u0161\u0107eni:&nbsp;<\/strong><\/em>sinovi FRANKO i SANDI, nevjesta IRENA, unuci SEAN sa KRISTINOM, SAMANTA, LUANA, MARCEL i MANUEL sa MARIJANOM, praunuka LANA, sestre MARIZA, NIVES i ANA sa familijama, te ostala tuguju\u0107a rodbina.<\/p>\n","protected":false},"excerpt":{"rendered":"<p>S tugom u srcu javljamo rodbini, prijateljima i znancima da nas je u nedjelju 26.02.2023. godine u 80- oj godini \u017eivota napustila na\u0161a voljena RITA&nbsp; \u0160TURBEJ ( ro\u0111. Damiani )<\/p>\n","protected":false},"author":3,"featured_media":18640,"comment_status":"closed","ping_status":"closed","sticky":false,"template":"","format":"standard","meta":[],"categories":[3],"tags":[],"_links":{"self":[{"href":"https:\/\/prvimaj.hr\/index.php?rest_route=\/wp\/v2\/posts\/18639"}],"collection":[{"href":"https:\/\/prvimaj.hr\/index.php?rest_route=\/wp\/v2\/posts"}],"about":[{"href":"https:\/\/prvimaj.hr\/index.php?rest_route=\/wp\/v2\/types\/post"}],"author":[{"embeddable":true,"href":"https:\/\/prvimaj.hr\/index.php?rest_route=\/wp\/v2\/users\/3"}],"replies":[{"embeddable":true,"href":"https:\/\/prvimaj.hr\/index.php?rest_route=%2Fwp%2Fv2%2Fcomments&post=18639"}],"version-history":[{"count":2,"href":"https:\/\/prvimaj.hr\/index.php?rest_route=\/wp\/v2\/posts\/18639\/revisions"}],"predecessor-version":[{"id":18642,"href":"https:\/\/prvimaj.hr\/index.php?rest_route=\/wp\/v2\/posts\/18639\/revisions\/18642"}],"wp:featuredmedia":[{"embeddable":true,"href":"https:\/\/prvimaj.hr\/index.php?rest_route=\/wp\/v2\/media\/18640"}],"wp:attachment":[{"href":"https:\/\/prvimaj.hr\/index.php?rest_route=%2Fwp%2Fv2%2Fmedia&parent=18639"}],"wp:term":[{"taxonomy":"category","embeddable":true,"href":"https:\/\/prvimaj.hr\/index.php?rest_route=%2Fwp%2Fv2%2Fcategories&post=18639"},{"taxonomy":"post_tag","embeddable":true,"href":"https:\/\/prvimaj.hr\/index.php?rest_route=%2Fwp%2Fv2%2Ftags&post=18639"}],"curies":[{"name":"wp","href":"https:\/\/api.w.org\/{rel}","templated":true}]}}