{"id":18654,"date":"2023-03-01T15:13:22","date_gmt":"2023-03-01T14:13:22","guid":{"rendered":"https:\/\/prvimaj.hr\/?p=18654"},"modified":"2023-03-01T15:13:30","modified_gmt":"2023-03-01T14:13:30","slug":"rasida-cizmic","status":"publish","type":"post","link":"https:\/\/prvimaj.hr\/?p=18654","title":{"rendered":"Ra\u0161ida \u010cizmi\u0107"},"content":{"rendered":"<p>S tugom u srcu javljamo rodbini, prijateljima i znancima da nas je u utorak 28.02.2023. godine u 69- oj godini \u017eivota napustila na\u0161a voljena<\/p>\n<h2 style=\"text-align: center\"><em><strong>RA\u0160IDA&nbsp; &nbsp;\u010cIZMI\u0106<\/strong><\/em><\/h2>\n<h3 style=\"text-align: center\"><em><strong>( Beba iz Labina )<\/strong><\/em><\/h3>\n<p><!--more-->Posljednji ispra\u0107aj na\u0161e voljene pokojnice biti \u0107e u \u010detvrtak 02.03.2023. godine u krugu obitelji iz Komemorativnog centra u Labinu na gradsko groblje.<\/p>\n<p><em><strong>O\u017ealo\u0161\u0107eni:&nbsp;<\/strong><\/em>suprug IBRAHIM, sinovi DENIS i ELVIS, k\u0107erka DENISA, nevjesta AMANDA, zetovi ADIL i REFKO, unuk ADIS, unuke EMINA, MELANY, SINTIYA i ANASTASIA, praunuk AMAR, praunuke ASIJA, ALISIJA i LANIJE, sestra NURKA BALAGI\u0106, sestra ZINETA, sestri\u010dna MIRELA, te ostala rodbina bra\u0107a i sestre.<\/p>\n","protected":false},"excerpt":{"rendered":"<p>S tugom u srcu javljamo rodbini, prijateljima i znancima da nas je u utorak 28.02.2023. godine u 69- oj godini \u017eivota napustila na\u0161a voljena RA\u0160IDA&nbsp; &nbsp;\u010cIZMI\u0106 ( Beba iz Labina )<\/p>\n","protected":false},"author":3,"featured_media":18655,"comment_status":"closed","ping_status":"closed","sticky":false,"template":"","format":"standard","meta":[],"categories":[3],"tags":[],"_links":{"self":[{"href":"https:\/\/prvimaj.hr\/index.php?rest_route=\/wp\/v2\/posts\/18654"}],"collection":[{"href":"https:\/\/prvimaj.hr\/index.php?rest_route=\/wp\/v2\/posts"}],"about":[{"href":"https:\/\/prvimaj.hr\/index.php?rest_route=\/wp\/v2\/types\/post"}],"author":[{"embeddable":true,"href":"https:\/\/prvimaj.hr\/index.php?rest_route=\/wp\/v2\/users\/3"}],"replies":[{"embeddable":true,"href":"https:\/\/prvimaj.hr\/index.php?rest_route=%2Fwp%2Fv2%2Fcomments&post=18654"}],"version-history":[{"count":2,"href":"https:\/\/prvimaj.hr\/index.php?rest_route=\/wp\/v2\/posts\/18654\/revisions"}],"predecessor-version":[{"id":18657,"href":"https:\/\/prvimaj.hr\/index.php?rest_route=\/wp\/v2\/posts\/18654\/revisions\/18657"}],"wp:featuredmedia":[{"embeddable":true,"href":"https:\/\/prvimaj.hr\/index.php?rest_route=\/wp\/v2\/media\/18655"}],"wp:attachment":[{"href":"https:\/\/prvimaj.hr\/index.php?rest_route=%2Fwp%2Fv2%2Fmedia&parent=18654"}],"wp:term":[{"taxonomy":"category","embeddable":true,"href":"https:\/\/prvimaj.hr\/index.php?rest_route=%2Fwp%2Fv2%2Fcategories&post=18654"},{"taxonomy":"post_tag","embeddable":true,"href":"https:\/\/prvimaj.hr\/index.php?rest_route=%2Fwp%2Fv2%2Ftags&post=18654"}],"curies":[{"name":"wp","href":"https:\/\/api.w.org\/{rel}","templated":true}]}}