{"id":18683,"date":"2023-03-05T14:11:37","date_gmt":"2023-03-05T13:11:37","guid":{"rendered":"https:\/\/prvimaj.hr\/?p=18683"},"modified":"2023-03-05T14:11:48","modified_gmt":"2023-03-05T13:11:48","slug":"marko-knezevic","status":"publish","type":"post","link":"https:\/\/prvimaj.hr\/?p=18683","title":{"rendered":"Marko Kne\u017eevi\u0107"},"content":{"rendered":"<p>S tugom u srcu javljamo rodbini, prijateljima i znancima da nas je u subotu 04.03.2023. godine u 87- oj godini \u017eivota napustio na\u0161 voljeni<\/p>\n<h2 style=\"text-align: center\"><em><strong>MARKO&nbsp; &nbsp;KNE\u017dEVI\u0106<\/strong><\/em><\/h2>\n<h3 style=\"text-align: center\"><em><strong>( iz Labina )<\/strong><\/em><\/h3>\n<p><!--more-->Posljednji ispra\u0107aj na\u0161eg voljenog pokojnika biti \u0107e u ponedjeljak 06.03.2023. godine u 15,30 sati iz Komemorativnog centra u Sv. Nedelji &#8211; Nede\u0161\u0107ini na mjesno groblje.<\/p>\n<p><em><strong>O\u017ealo\u0161\u0107eni:&nbsp;<\/strong><\/em>supruga OTAVIJA, sin DAVOR i k\u0107erka ZDRAVKA sa familijama, brat SLAVKO sa familijom, sestre RATKA i SLAVKA sa familijama, kunjade DU\u0160ICA, KARLA i MARIA sa familijama, ne\u0107aci i ne\u0107akinje, te ostala tuguju\u0107a rodbina.<\/p>\n","protected":false},"excerpt":{"rendered":"<p>S tugom u srcu javljamo rodbini, prijateljima i znancima da nas je u subotu 04.03.2023. godine u 87- oj godini \u017eivota napustio na\u0161 voljeni MARKO&nbsp; &nbsp;KNE\u017dEVI\u0106 ( iz Labina )<\/p>\n","protected":false},"author":3,"featured_media":18684,"comment_status":"closed","ping_status":"closed","sticky":false,"template":"","format":"standard","meta":[],"categories":[3],"tags":[],"_links":{"self":[{"href":"https:\/\/prvimaj.hr\/index.php?rest_route=\/wp\/v2\/posts\/18683"}],"collection":[{"href":"https:\/\/prvimaj.hr\/index.php?rest_route=\/wp\/v2\/posts"}],"about":[{"href":"https:\/\/prvimaj.hr\/index.php?rest_route=\/wp\/v2\/types\/post"}],"author":[{"embeddable":true,"href":"https:\/\/prvimaj.hr\/index.php?rest_route=\/wp\/v2\/users\/3"}],"replies":[{"embeddable":true,"href":"https:\/\/prvimaj.hr\/index.php?rest_route=%2Fwp%2Fv2%2Fcomments&post=18683"}],"version-history":[{"count":2,"href":"https:\/\/prvimaj.hr\/index.php?rest_route=\/wp\/v2\/posts\/18683\/revisions"}],"predecessor-version":[{"id":18686,"href":"https:\/\/prvimaj.hr\/index.php?rest_route=\/wp\/v2\/posts\/18683\/revisions\/18686"}],"wp:featuredmedia":[{"embeddable":true,"href":"https:\/\/prvimaj.hr\/index.php?rest_route=\/wp\/v2\/media\/18684"}],"wp:attachment":[{"href":"https:\/\/prvimaj.hr\/index.php?rest_route=%2Fwp%2Fv2%2Fmedia&parent=18683"}],"wp:term":[{"taxonomy":"category","embeddable":true,"href":"https:\/\/prvimaj.hr\/index.php?rest_route=%2Fwp%2Fv2%2Fcategories&post=18683"},{"taxonomy":"post_tag","embeddable":true,"href":"https:\/\/prvimaj.hr\/index.php?rest_route=%2Fwp%2Fv2%2Ftags&post=18683"}],"curies":[{"name":"wp","href":"https:\/\/api.w.org\/{rel}","templated":true}]}}