{"id":18713,"date":"2023-03-07T08:22:56","date_gmt":"2023-03-07T07:22:56","guid":{"rendered":"https:\/\/prvimaj.hr\/?p=18713"},"modified":"2023-03-07T08:23:20","modified_gmt":"2023-03-07T07:23:20","slug":"erna-mesanovic","status":"publish","type":"post","link":"https:\/\/prvimaj.hr\/?p=18713","title":{"rendered":"Erna  Me\u0161anovi\u0107"},"content":{"rendered":"<p>S tugom u srcu javljamo rodbini, prijateljima i znancima \u017ealosnu vijest da je na\u0161a rahmetli<\/p>\n<h2 style=\"text-align: center\"><strong><em>ERNA&nbsp; &nbsp; &nbsp;ME\u0160ANOVI\u0106<\/em><\/strong><\/h2>\n<h3 style=\"text-align: center\"><strong><em>( iz Labina )<\/em><\/strong><\/h3>\n<p><!--more--><\/p>\n<p>preselila na ahiret u nedjelju 05.03.2023. godine u 12. godini \u017eivota. D\u017eenaza \u0107e krenuti u srijedu 08.03.2023. godine u 15,30 sati iz Komemorativnog centra u Labinu na gradsko groblje.<\/p>\n<p><em><strong>O\u017ealo\u0161\u0107eni:&nbsp;<\/strong><\/em>mama \u0110ULSA, tata MIRHAD, sestra EMA, brat ELVIN, nena HANIFA, amid\u017ea SENAD, strina SANJA, daid\u017ea AHMET, tetka BESIMA, tetak ARSIM, amid\u017ei\u0107i ERVIN i SARA, te\u010di\u0107i EDMOND, EDISA i ARMIN, obitelji KOVA\u010cEVI\u0106, ME\u0160ANOVI\u0106, BE\u010cI\u0106, \u0106ORALI\u0106, D\u017dINI\u0106, MURI\u0106, DIZDAREVI\u0106, SAMAR\u0110I\u0106, MI\u0160\u0106AN\u0106UK, MAKSUMI\u0106, ARIFI i KRLUC.<\/p>\n","protected":false},"excerpt":{"rendered":"<p>S tugom u srcu javljamo rodbini, prijateljima i znancima \u017ealosnu vijest da je na\u0161a rahmetli ERNA&nbsp; &nbsp; &nbsp;ME\u0160ANOVI\u0106 ( iz Labina )<\/p>\n","protected":false},"author":3,"featured_media":18712,"comment_status":"closed","ping_status":"closed","sticky":false,"template":"","format":"standard","meta":[],"categories":[3],"tags":[],"_links":{"self":[{"href":"https:\/\/prvimaj.hr\/index.php?rest_route=\/wp\/v2\/posts\/18713"}],"collection":[{"href":"https:\/\/prvimaj.hr\/index.php?rest_route=\/wp\/v2\/posts"}],"about":[{"href":"https:\/\/prvimaj.hr\/index.php?rest_route=\/wp\/v2\/types\/post"}],"author":[{"embeddable":true,"href":"https:\/\/prvimaj.hr\/index.php?rest_route=\/wp\/v2\/users\/3"}],"replies":[{"embeddable":true,"href":"https:\/\/prvimaj.hr\/index.php?rest_route=%2Fwp%2Fv2%2Fcomments&post=18713"}],"version-history":[{"count":2,"href":"https:\/\/prvimaj.hr\/index.php?rest_route=\/wp\/v2\/posts\/18713\/revisions"}],"predecessor-version":[{"id":18715,"href":"https:\/\/prvimaj.hr\/index.php?rest_route=\/wp\/v2\/posts\/18713\/revisions\/18715"}],"wp:featuredmedia":[{"embeddable":true,"href":"https:\/\/prvimaj.hr\/index.php?rest_route=\/wp\/v2\/media\/18712"}],"wp:attachment":[{"href":"https:\/\/prvimaj.hr\/index.php?rest_route=%2Fwp%2Fv2%2Fmedia&parent=18713"}],"wp:term":[{"taxonomy":"category","embeddable":true,"href":"https:\/\/prvimaj.hr\/index.php?rest_route=%2Fwp%2Fv2%2Fcategories&post=18713"},{"taxonomy":"post_tag","embeddable":true,"href":"https:\/\/prvimaj.hr\/index.php?rest_route=%2Fwp%2Fv2%2Ftags&post=18713"}],"curies":[{"name":"wp","href":"https:\/\/api.w.org\/{rel}","templated":true}]}}