{"id":18728,"date":"2023-03-10T11:33:37","date_gmt":"2023-03-10T10:33:37","guid":{"rendered":"https:\/\/prvimaj.hr\/?p=18728"},"modified":"2023-03-10T11:33:46","modified_gmt":"2023-03-10T10:33:46","slug":"boris-milevoj","status":"publish","type":"post","link":"https:\/\/prvimaj.hr\/?p=18728","title":{"rendered":"Boris Milevoj"},"content":{"rendered":"<p>S tugom u srcu javljamo rodbini, prijateljima i znancima da nas je u \u010detvrtak 09.03.2023. godine u 64- oj godini \u017eivota napustio na\u0161 voljeni<\/p>\n<h2 style=\"text-align: center\"><em><strong>BORIS&nbsp; &nbsp;MILEVOJ<\/strong><\/em><\/h2>\n<h3 style=\"text-align: center\"><em><strong>( iz Vi\u0161kovi\u0107i )<\/strong><\/em><\/h3>\n<p><!--more-->Posljednji ispra\u0107aj na\u0161eg voljenog pokojnika biti \u0107e u subotu 11.03.2023. godine u krugu obitelji iz Komemorativnog centra u Sv. Lovre\u010du Labinskom &#8211; Dimini\u0107i na mjesno groblje.<\/p>\n<p><em><strong>Molimo za tihu su\u0107ut.<\/strong><\/em><\/p>\n<p><em><strong>O\u017ealo\u0161\u0107eni:&nbsp;<\/strong><\/em>supruga LORENA, k\u0107erke NINA i IVONA, tata LIVIO, zeti SANDI i SALMIR, unuci MARILU, MARIJA ANGELINA i KIAN, sestra \u0110ENI sa familijom, ta\u0161\u0107a ETA i tast MILIO, te ostala tuguju\u0107a rodbina i prijatelji.<\/p>\n","protected":false},"excerpt":{"rendered":"<p>S tugom u srcu javljamo rodbini, prijateljima i znancima da nas je u \u010detvrtak 09.03.2023. godine u 64- oj godini \u017eivota napustio na\u0161 voljeni BORIS&nbsp; &nbsp;MILEVOJ ( iz Vi\u0161kovi\u0107i )<\/p>\n","protected":false},"author":3,"featured_media":18729,"comment_status":"closed","ping_status":"closed","sticky":false,"template":"","format":"standard","meta":[],"categories":[3],"tags":[],"_links":{"self":[{"href":"https:\/\/prvimaj.hr\/index.php?rest_route=\/wp\/v2\/posts\/18728"}],"collection":[{"href":"https:\/\/prvimaj.hr\/index.php?rest_route=\/wp\/v2\/posts"}],"about":[{"href":"https:\/\/prvimaj.hr\/index.php?rest_route=\/wp\/v2\/types\/post"}],"author":[{"embeddable":true,"href":"https:\/\/prvimaj.hr\/index.php?rest_route=\/wp\/v2\/users\/3"}],"replies":[{"embeddable":true,"href":"https:\/\/prvimaj.hr\/index.php?rest_route=%2Fwp%2Fv2%2Fcomments&post=18728"}],"version-history":[{"count":2,"href":"https:\/\/prvimaj.hr\/index.php?rest_route=\/wp\/v2\/posts\/18728\/revisions"}],"predecessor-version":[{"id":18731,"href":"https:\/\/prvimaj.hr\/index.php?rest_route=\/wp\/v2\/posts\/18728\/revisions\/18731"}],"wp:featuredmedia":[{"embeddable":true,"href":"https:\/\/prvimaj.hr\/index.php?rest_route=\/wp\/v2\/media\/18729"}],"wp:attachment":[{"href":"https:\/\/prvimaj.hr\/index.php?rest_route=%2Fwp%2Fv2%2Fmedia&parent=18728"}],"wp:term":[{"taxonomy":"category","embeddable":true,"href":"https:\/\/prvimaj.hr\/index.php?rest_route=%2Fwp%2Fv2%2Fcategories&post=18728"},{"taxonomy":"post_tag","embeddable":true,"href":"https:\/\/prvimaj.hr\/index.php?rest_route=%2Fwp%2Fv2%2Ftags&post=18728"}],"curies":[{"name":"wp","href":"https:\/\/api.w.org\/{rel}","templated":true}]}}