{"id":18738,"date":"2023-03-10T13:30:04","date_gmt":"2023-03-10T12:30:04","guid":{"rendered":"https:\/\/prvimaj.hr\/?p=18738"},"modified":"2023-03-10T13:30:16","modified_gmt":"2023-03-10T12:30:16","slug":"marija-frankovic-5","status":"publish","type":"post","link":"https:\/\/prvimaj.hr\/?p=18738","title":{"rendered":"Marija Frankovi\u0107"},"content":{"rendered":"<p>S tugom u srcu javljamo rodbini, prijateljima i znancima da nas je u petak 10.03.2023. godine u 97- oj godini \u017eivota napustila na\u0161a voljena<\/p>\n<h2 style=\"text-align: center\"><em><strong>MARIJA&nbsp; &nbsp;FRANKOVI\u0106<\/strong><\/em><\/h2>\n<h3 style=\"text-align: center\"><em><strong>( iz Ra\u0161e )<\/strong><\/em><\/h3>\n<p><!--more-->Posljednji ispra\u0107aj na\u0161e voljene pokojnice biti \u0107e u subotu 11.03.2023. godine u krugu obitelji iz Komemorativnog centra u Sv. Martinu &#8211; Martinskom na mjesno groblje.<\/p>\n<p><em><strong>O\u017ealo\u0161\u0107eni:&nbsp;<\/strong><\/em>sin KLAUDIO, nevjeste LAURA i MARIJANA, unuci BARBARA, DAMIR s ANOM i MARTINA sa MATTEOM, praunuci SARA i VITO, te ostala tuguju\u0107a rodbina.<\/p>\n","protected":false},"excerpt":{"rendered":"<p>S tugom u srcu javljamo rodbini, prijateljima i znancima da nas je u petak 10.03.2023. godine u 97- oj godini \u017eivota napustila na\u0161a voljena MARIJA&nbsp; &nbsp;FRANKOVI\u0106 ( iz Ra\u0161e )<\/p>\n","protected":false},"author":3,"featured_media":18739,"comment_status":"closed","ping_status":"closed","sticky":false,"template":"","format":"standard","meta":[],"categories":[3],"tags":[],"_links":{"self":[{"href":"https:\/\/prvimaj.hr\/index.php?rest_route=\/wp\/v2\/posts\/18738"}],"collection":[{"href":"https:\/\/prvimaj.hr\/index.php?rest_route=\/wp\/v2\/posts"}],"about":[{"href":"https:\/\/prvimaj.hr\/index.php?rest_route=\/wp\/v2\/types\/post"}],"author":[{"embeddable":true,"href":"https:\/\/prvimaj.hr\/index.php?rest_route=\/wp\/v2\/users\/3"}],"replies":[{"embeddable":true,"href":"https:\/\/prvimaj.hr\/index.php?rest_route=%2Fwp%2Fv2%2Fcomments&post=18738"}],"version-history":[{"count":2,"href":"https:\/\/prvimaj.hr\/index.php?rest_route=\/wp\/v2\/posts\/18738\/revisions"}],"predecessor-version":[{"id":18741,"href":"https:\/\/prvimaj.hr\/index.php?rest_route=\/wp\/v2\/posts\/18738\/revisions\/18741"}],"wp:featuredmedia":[{"embeddable":true,"href":"https:\/\/prvimaj.hr\/index.php?rest_route=\/wp\/v2\/media\/18739"}],"wp:attachment":[{"href":"https:\/\/prvimaj.hr\/index.php?rest_route=%2Fwp%2Fv2%2Fmedia&parent=18738"}],"wp:term":[{"taxonomy":"category","embeddable":true,"href":"https:\/\/prvimaj.hr\/index.php?rest_route=%2Fwp%2Fv2%2Fcategories&post=18738"},{"taxonomy":"post_tag","embeddable":true,"href":"https:\/\/prvimaj.hr\/index.php?rest_route=%2Fwp%2Fv2%2Ftags&post=18738"}],"curies":[{"name":"wp","href":"https:\/\/api.w.org\/{rel}","templated":true}]}}