{"id":18830,"date":"2023-03-24T13:08:18","date_gmt":"2023-03-24T12:08:18","guid":{"rendered":"https:\/\/prvimaj.hr\/?p=18830"},"modified":"2023-03-24T13:08:34","modified_gmt":"2023-03-24T12:08:34","slug":"sifet-kujrakovic","status":"publish","type":"post","link":"https:\/\/prvimaj.hr\/?p=18830","title":{"rendered":"Sifet  Kujrakovi\u0107"},"content":{"rendered":"<p>S tugom u srcu javljamo svoj rodbini, prijateljima i znancima \u017ealosnu vijest da je na\u0161 rahmetli<\/p>\n<h2 style=\"text-align: center\"><strong><em>SIFET&nbsp; &nbsp; KUJRAKOVI\u0106<\/em><\/strong><\/h2>\n<h3 style=\"text-align: center\"><strong><em>( iz Labina )<\/em><\/strong><\/h3>\n<p>preselio na ahiret u \u010detvrtak 23.03.2023. godine u 76. godini \u017eivota. D\u017eenaza \u0107e krenuti u subotu 25.03.2023. godine u 13,00 sati iz Komemorativnog centra u Labinu na gradsko groblje.<\/p>\n<p><strong><em>O\u017ealo\u0161\u0107eni:&nbsp;<\/em><\/strong>supruga VAHIDA, k\u0107erke SENADA i SANELA, zetovi ALEKS i MIRSAD, unuci PAOLO, ANTONELA, DENI i ADI, praunuci DAMIAN i TEO, te ostala tuguju\u0107a rodbina i prijatelji.<\/p>\n\n\n<p><\/p>\n","protected":false},"excerpt":{"rendered":"<p>S tugom u srcu javljamo svoj rodbini, prijateljima i znancima \u017ealosnu vijest da je na\u0161 rahmetli SIFET&nbsp; &nbsp; KUJRAKOVI\u0106 ( iz Labina ) preselio na ahiret u \u010detvrtak 23.03.2023. godine u 76. godini \u017eivota. D\u017eenaza \u0107e krenuti u subotu 25.03.2023. godine u 13,00 sati iz Komemorativnog centra u Labinu na gradsko groblje. O\u017ealo\u0161\u0107eni:&nbsp;supruga VAHIDA, k\u0107erke [&hellip;]<\/p>\n","protected":false},"author":3,"featured_media":18829,"comment_status":"closed","ping_status":"closed","sticky":false,"template":"","format":"standard","meta":[],"categories":[3],"tags":[],"_links":{"self":[{"href":"https:\/\/prvimaj.hr\/index.php?rest_route=\/wp\/v2\/posts\/18830"}],"collection":[{"href":"https:\/\/prvimaj.hr\/index.php?rest_route=\/wp\/v2\/posts"}],"about":[{"href":"https:\/\/prvimaj.hr\/index.php?rest_route=\/wp\/v2\/types\/post"}],"author":[{"embeddable":true,"href":"https:\/\/prvimaj.hr\/index.php?rest_route=\/wp\/v2\/users\/3"}],"replies":[{"embeddable":true,"href":"https:\/\/prvimaj.hr\/index.php?rest_route=%2Fwp%2Fv2%2Fcomments&post=18830"}],"version-history":[{"count":2,"href":"https:\/\/prvimaj.hr\/index.php?rest_route=\/wp\/v2\/posts\/18830\/revisions"}],"predecessor-version":[{"id":18832,"href":"https:\/\/prvimaj.hr\/index.php?rest_route=\/wp\/v2\/posts\/18830\/revisions\/18832"}],"wp:featuredmedia":[{"embeddable":true,"href":"https:\/\/prvimaj.hr\/index.php?rest_route=\/wp\/v2\/media\/18829"}],"wp:attachment":[{"href":"https:\/\/prvimaj.hr\/index.php?rest_route=%2Fwp%2Fv2%2Fmedia&parent=18830"}],"wp:term":[{"taxonomy":"category","embeddable":true,"href":"https:\/\/prvimaj.hr\/index.php?rest_route=%2Fwp%2Fv2%2Fcategories&post=18830"},{"taxonomy":"post_tag","embeddable":true,"href":"https:\/\/prvimaj.hr\/index.php?rest_route=%2Fwp%2Fv2%2Ftags&post=18830"}],"curies":[{"name":"wp","href":"https:\/\/api.w.org\/{rel}","templated":true}]}}