{"id":18867,"date":"2023-03-27T15:40:56","date_gmt":"2023-03-27T14:40:56","guid":{"rendered":"https:\/\/prvimaj.hr\/?p=18867"},"modified":"2023-03-27T15:41:04","modified_gmt":"2023-03-27T14:41:04","slug":"celestina-cernjul","status":"publish","type":"post","link":"https:\/\/prvimaj.hr\/?p=18867","title":{"rendered":"Celestina \u010cernjul"},"content":{"rendered":"<p>S tugom u srcu javljamo rodbini, prijateljima i znancima da nas je u nedjelju 26.03.2023. godine u 93- oj godini \u017eivota napustila na\u0161a voljena<\/p>\n<h2 style=\"text-align: center\"><em><strong>CELESTINA&nbsp; &nbsp;\u010cERNJUL<\/strong><\/em><\/h2>\n<h3 style=\"text-align: center\"><em><strong>( iz Nede\u0161\u0107ine )<\/strong><\/em><\/h3>\n<p><!--more-->Posljednji ispra\u0107aj na\u0161e voljene pokojnice biti \u0107e u srijedu 29.03.2023. godine u 13,00 sati iz Komemorativnog centra u Sv. Nedelji &#8211; Nede\u0161\u0107ini na mjesno groblje.<\/p>\n<p><em><strong>O\u017ealo\u0161\u0107eni:&nbsp;<\/strong><\/em>k\u0107erka MARIJU\u010cA, zet EUGEN, unuk RONALD s DOLORES, praunuk GREGOR, sestre JOLANDA i IVANKA sa familijama, brat JOSIP sa familijom, te ostala tuguju\u0107a rodbina.<\/p>\n","protected":false},"excerpt":{"rendered":"<p>S tugom u srcu javljamo rodbini, prijateljima i znancima da nas je u nedjelju 26.03.2023. godine u 93- oj godini \u017eivota napustila na\u0161a voljena CELESTINA&nbsp; &nbsp;\u010cERNJUL ( iz Nede\u0161\u0107ine )<\/p>\n","protected":false},"author":3,"featured_media":18868,"comment_status":"closed","ping_status":"closed","sticky":false,"template":"","format":"standard","meta":[],"categories":[3],"tags":[],"_links":{"self":[{"href":"https:\/\/prvimaj.hr\/index.php?rest_route=\/wp\/v2\/posts\/18867"}],"collection":[{"href":"https:\/\/prvimaj.hr\/index.php?rest_route=\/wp\/v2\/posts"}],"about":[{"href":"https:\/\/prvimaj.hr\/index.php?rest_route=\/wp\/v2\/types\/post"}],"author":[{"embeddable":true,"href":"https:\/\/prvimaj.hr\/index.php?rest_route=\/wp\/v2\/users\/3"}],"replies":[{"embeddable":true,"href":"https:\/\/prvimaj.hr\/index.php?rest_route=%2Fwp%2Fv2%2Fcomments&post=18867"}],"version-history":[{"count":2,"href":"https:\/\/prvimaj.hr\/index.php?rest_route=\/wp\/v2\/posts\/18867\/revisions"}],"predecessor-version":[{"id":18870,"href":"https:\/\/prvimaj.hr\/index.php?rest_route=\/wp\/v2\/posts\/18867\/revisions\/18870"}],"wp:featuredmedia":[{"embeddable":true,"href":"https:\/\/prvimaj.hr\/index.php?rest_route=\/wp\/v2\/media\/18868"}],"wp:attachment":[{"href":"https:\/\/prvimaj.hr\/index.php?rest_route=%2Fwp%2Fv2%2Fmedia&parent=18867"}],"wp:term":[{"taxonomy":"category","embeddable":true,"href":"https:\/\/prvimaj.hr\/index.php?rest_route=%2Fwp%2Fv2%2Fcategories&post=18867"},{"taxonomy":"post_tag","embeddable":true,"href":"https:\/\/prvimaj.hr\/index.php?rest_route=%2Fwp%2Fv2%2Ftags&post=18867"}],"curies":[{"name":"wp","href":"https:\/\/api.w.org\/{rel}","templated":true}]}}