{"id":18908,"date":"2023-03-30T10:43:14","date_gmt":"2023-03-30T09:43:14","guid":{"rendered":"https:\/\/prvimaj.hr\/?p=18908"},"modified":"2023-03-30T10:43:25","modified_gmt":"2023-03-30T09:43:25","slug":"ervin-rebronja","status":"publish","type":"post","link":"https:\/\/prvimaj.hr\/?p=18908","title":{"rendered":"Ervin Rebronja"},"content":{"rendered":"<p>S tugom u srcu javljamo svoj rodbini, prijateljima i znancima \u017ealosnu vijest da je na\u0161 rahmetli<\/p>\n<h2 style=\"text-align: center\"><em><strong>ERVIN&nbsp; &nbsp;REBRONJA<\/strong><\/em><\/h2>\n<h3 style=\"text-align: center\"><em><strong>( iz Ra\u0161e )<\/strong><\/em><\/h3>\n<p><!--more-->preselio na ahiret u utorak 28.03.2023. godine u 20- oj godini \u017eivota. D\u017eenaza \u0107e krenuti u petak 31.03.2023. godine u 15,00 sati iz Komemorativnog centra u Sv. Nedelji &#8211; Nede\u0161\u0107ini na mjesno groblje.<\/p>\n<p><em><strong>O\u017ealo\u0161\u0107eni:&nbsp;<\/strong><\/em>mama ESMIRA, tata FERIZ, brat RUSMIR s ANOM, sestra ADMIRA s NESIBOM, djevojka SELMA, stri\u010devi i strine, tetke i tetci, te ostala tuguju\u0107a mnogobrojna rodbina.<\/p>\n","protected":false},"excerpt":{"rendered":"<p>S tugom u srcu javljamo svoj rodbini, prijateljima i znancima \u017ealosnu vijest da je na\u0161 rahmetli ERVIN&nbsp; &nbsp;REBRONJA ( iz Ra\u0161e )<\/p>\n","protected":false},"author":3,"featured_media":18909,"comment_status":"closed","ping_status":"closed","sticky":false,"template":"","format":"standard","meta":[],"categories":[3],"tags":[],"_links":{"self":[{"href":"https:\/\/prvimaj.hr\/index.php?rest_route=\/wp\/v2\/posts\/18908"}],"collection":[{"href":"https:\/\/prvimaj.hr\/index.php?rest_route=\/wp\/v2\/posts"}],"about":[{"href":"https:\/\/prvimaj.hr\/index.php?rest_route=\/wp\/v2\/types\/post"}],"author":[{"embeddable":true,"href":"https:\/\/prvimaj.hr\/index.php?rest_route=\/wp\/v2\/users\/3"}],"replies":[{"embeddable":true,"href":"https:\/\/prvimaj.hr\/index.php?rest_route=%2Fwp%2Fv2%2Fcomments&post=18908"}],"version-history":[{"count":2,"href":"https:\/\/prvimaj.hr\/index.php?rest_route=\/wp\/v2\/posts\/18908\/revisions"}],"predecessor-version":[{"id":18911,"href":"https:\/\/prvimaj.hr\/index.php?rest_route=\/wp\/v2\/posts\/18908\/revisions\/18911"}],"wp:featuredmedia":[{"embeddable":true,"href":"https:\/\/prvimaj.hr\/index.php?rest_route=\/wp\/v2\/media\/18909"}],"wp:attachment":[{"href":"https:\/\/prvimaj.hr\/index.php?rest_route=%2Fwp%2Fv2%2Fmedia&parent=18908"}],"wp:term":[{"taxonomy":"category","embeddable":true,"href":"https:\/\/prvimaj.hr\/index.php?rest_route=%2Fwp%2Fv2%2Fcategories&post=18908"},{"taxonomy":"post_tag","embeddable":true,"href":"https:\/\/prvimaj.hr\/index.php?rest_route=%2Fwp%2Fv2%2Ftags&post=18908"}],"curies":[{"name":"wp","href":"https:\/\/api.w.org\/{rel}","templated":true}]}}