{"id":18995,"date":"2023-04-07T08:54:12","date_gmt":"2023-04-07T07:54:12","guid":{"rendered":"https:\/\/prvimaj.hr\/?p=18995"},"modified":"2023-04-07T08:54:21","modified_gmt":"2023-04-07T07:54:21","slug":"sasa-cvecic","status":"publish","type":"post","link":"https:\/\/prvimaj.hr\/?p=18995","title":{"rendered":"Sa\u0161a Cve\u010di\u0107"},"content":{"rendered":"<p>S tugom u srcu javljamo rodbini, prijateljima i znancima da nas je u srijedu 05.04.2023. godine u 48- oj godini \u017eivota napustio na\u0161 voljeni<\/p>\n<h2 style=\"text-align: center\"><em><strong>SA\u0160A&nbsp; &nbsp; CVE\u010cI\u0106<\/strong><\/em><\/h2>\n<h3 style=\"text-align: center\"><em><strong>( iz Ra\u0161e )<\/strong><\/em><\/h3>\n<p><!--more-->Posljednji ispra\u0107aj na\u0161eg voljenog pokojnika biti \u0107e u subotu 08.04.2023. godine u krugu obitelji i prijatelja u 12,00 sati iz Komemorativnog centra u Labinu na gradsko groblje.<\/p>\n<p><em><strong>Molimo za tihu su\u0107ut.<\/strong><\/em><\/p>\n<p><strong><em>O\u017ealo\u0161\u0107eni:&nbsp;<\/em><\/strong>mama BO\u017dICA, tata GORAN, sin TONI, k\u0107erka LEANA, VEDRANA, sestra ANA, kunjado FATOS, ne\u0107aci ARIAN, LORAN,&nbsp; i ne\u0107akinja RITA, baba ANA, te ostala tuguju\u0107a rodbina i prijatelji.<\/p>\n","protected":false},"excerpt":{"rendered":"<p>S tugom u srcu javljamo rodbini, prijateljima i znancima da nas je u srijedu 05.04.2023. godine u 48- oj godini \u017eivota napustio na\u0161 voljeni SA\u0160A&nbsp; &nbsp; CVE\u010cI\u0106 ( iz Ra\u0161e )<\/p>\n","protected":false},"author":3,"featured_media":18996,"comment_status":"closed","ping_status":"closed","sticky":false,"template":"","format":"standard","meta":[],"categories":[3],"tags":[],"_links":{"self":[{"href":"https:\/\/prvimaj.hr\/index.php?rest_route=\/wp\/v2\/posts\/18995"}],"collection":[{"href":"https:\/\/prvimaj.hr\/index.php?rest_route=\/wp\/v2\/posts"}],"about":[{"href":"https:\/\/prvimaj.hr\/index.php?rest_route=\/wp\/v2\/types\/post"}],"author":[{"embeddable":true,"href":"https:\/\/prvimaj.hr\/index.php?rest_route=\/wp\/v2\/users\/3"}],"replies":[{"embeddable":true,"href":"https:\/\/prvimaj.hr\/index.php?rest_route=%2Fwp%2Fv2%2Fcomments&post=18995"}],"version-history":[{"count":2,"href":"https:\/\/prvimaj.hr\/index.php?rest_route=\/wp\/v2\/posts\/18995\/revisions"}],"predecessor-version":[{"id":18998,"href":"https:\/\/prvimaj.hr\/index.php?rest_route=\/wp\/v2\/posts\/18995\/revisions\/18998"}],"wp:featuredmedia":[{"embeddable":true,"href":"https:\/\/prvimaj.hr\/index.php?rest_route=\/wp\/v2\/media\/18996"}],"wp:attachment":[{"href":"https:\/\/prvimaj.hr\/index.php?rest_route=%2Fwp%2Fv2%2Fmedia&parent=18995"}],"wp:term":[{"taxonomy":"category","embeddable":true,"href":"https:\/\/prvimaj.hr\/index.php?rest_route=%2Fwp%2Fv2%2Fcategories&post=18995"},{"taxonomy":"post_tag","embeddable":true,"href":"https:\/\/prvimaj.hr\/index.php?rest_route=%2Fwp%2Fv2%2Ftags&post=18995"}],"curies":[{"name":"wp","href":"https:\/\/api.w.org\/{rel}","templated":true}]}}