{"id":19058,"date":"2023-04-17T08:35:37","date_gmt":"2023-04-17T07:35:37","guid":{"rendered":"https:\/\/prvimaj.hr\/?p=19058"},"modified":"2023-04-17T13:36:34","modified_gmt":"2023-04-17T12:36:34","slug":"antun-mekic","status":"publish","type":"post","link":"https:\/\/prvimaj.hr\/?p=19058","title":{"rendered":"Antun  Meki\u0107"},"content":{"rendered":"<p>S tugom u srcu javljamo rodbini, prijateljima i znancima da nas je u nedjelju 16.04.2023. godine u 88. godini \u017eivota napustio na\u0161 voljeni<\/p>\n<h2 style=\"text-align: center\"><strong><em>ANTUN\u00a0 \u00a0 \u00a0MEKI\u0106<\/em><\/strong><\/h2>\n<p><!--more--><\/p>\n<p>Posljednji ispra\u0107aj na\u0161eg voljenog pokojnika biti \u0107e u utorak 18.04.2023. godine u 15,00 sati iz Komemorativnog centra u Labinu na gradsko groblje.<\/p>\n<p><em><strong>O\u017ealo\u0161\u0107eni:\u00a0<\/strong><\/em>sin DARKO, k\u0107erka LJERKA, nevjesta GABRIJELA, zet FRANJO, unuci LARA s AMIROM, MONIKA s BERNDOM i MARIJAN, praunuci ANNA &#8211; MARIA s MORISOM, RAMONA, DOMINIK i THEO, prapraunuka AMELIE, sestra KATICA sa familijom, kunjadi SILVANO, MARIO i SER\u0110O sa familijama, te ostala tuguju\u0107a rodbina.<\/p>\n","protected":false},"excerpt":{"rendered":"<p>S tugom u srcu javljamo rodbini, prijateljima i znancima da nas je u nedjelju 16.04.2023. godine u 88. godini \u017eivota napustio na\u0161 voljeni ANTUN\u00a0 \u00a0 \u00a0MEKI\u0106<\/p>\n","protected":false},"author":3,"featured_media":19057,"comment_status":"closed","ping_status":"closed","sticky":false,"template":"","format":"standard","meta":[],"categories":[3],"tags":[],"_links":{"self":[{"href":"https:\/\/prvimaj.hr\/index.php?rest_route=\/wp\/v2\/posts\/19058"}],"collection":[{"href":"https:\/\/prvimaj.hr\/index.php?rest_route=\/wp\/v2\/posts"}],"about":[{"href":"https:\/\/prvimaj.hr\/index.php?rest_route=\/wp\/v2\/types\/post"}],"author":[{"embeddable":true,"href":"https:\/\/prvimaj.hr\/index.php?rest_route=\/wp\/v2\/users\/3"}],"replies":[{"embeddable":true,"href":"https:\/\/prvimaj.hr\/index.php?rest_route=%2Fwp%2Fv2%2Fcomments&post=19058"}],"version-history":[{"count":3,"href":"https:\/\/prvimaj.hr\/index.php?rest_route=\/wp\/v2\/posts\/19058\/revisions"}],"predecessor-version":[{"id":19071,"href":"https:\/\/prvimaj.hr\/index.php?rest_route=\/wp\/v2\/posts\/19058\/revisions\/19071"}],"wp:featuredmedia":[{"embeddable":true,"href":"https:\/\/prvimaj.hr\/index.php?rest_route=\/wp\/v2\/media\/19057"}],"wp:attachment":[{"href":"https:\/\/prvimaj.hr\/index.php?rest_route=%2Fwp%2Fv2%2Fmedia&parent=19058"}],"wp:term":[{"taxonomy":"category","embeddable":true,"href":"https:\/\/prvimaj.hr\/index.php?rest_route=%2Fwp%2Fv2%2Fcategories&post=19058"},{"taxonomy":"post_tag","embeddable":true,"href":"https:\/\/prvimaj.hr\/index.php?rest_route=%2Fwp%2Fv2%2Ftags&post=19058"}],"curies":[{"name":"wp","href":"https:\/\/api.w.org\/{rel}","templated":true}]}}