{"id":19098,"date":"2023-04-20T17:12:20","date_gmt":"2023-04-20T16:12:20","guid":{"rendered":"https:\/\/prvimaj.hr\/?p=19098"},"modified":"2023-04-20T17:12:32","modified_gmt":"2023-04-20T16:12:32","slug":"romano-licul-2","status":"publish","type":"post","link":"https:\/\/prvimaj.hr\/?p=19098","title":{"rendered":"Romano  Licul"},"content":{"rendered":"<p>S tugom u srcu javljamo rodbini, prijateljima i znancima da nas je u srijedu 19.04.2023. godine u 84. godini \u017eivota napustio na\u0161 voljeni<\/p>\n<h2 style=\"text-align: center\"><strong><em>ROMANO&nbsp; &nbsp; LICUL<\/em><\/strong><\/h2>\n<h3 style=\"text-align: center\"><strong><em>( iz \u0160umbera )<\/em><\/strong><\/h3>\n<p><!--more--><\/p>\n<p>Posljednji ispra\u0107aj na\u0161eg voljenog pokojnika biti \u0107e u subotu 22.04.2023. godine u 14,00 sati iz Komemorativnog centra u \u0160umberu na mjesno groblje.<\/p>\n<p><strong><em>O\u017ealo\u0161\u0107eni:&nbsp;<\/em><\/strong>supruga NADA, k\u0107erka SUSIE, zet NEVIO, unuk STEFAN, brat IVE sa familijom, kunjade i kunjadi sa familijama, te ostala tuguju\u0107a rodbina.<\/p>\n","protected":false},"excerpt":{"rendered":"<p>S tugom u srcu javljamo rodbini, prijateljima i znancima da nas je u srijedu 19.04.2023. godine u 84. godini \u017eivota napustio na\u0161 voljeni ROMANO&nbsp; &nbsp; LICUL ( iz \u0160umbera )<\/p>\n","protected":false},"author":3,"featured_media":19095,"comment_status":"closed","ping_status":"closed","sticky":false,"template":"","format":"standard","meta":[],"categories":[3],"tags":[],"_links":{"self":[{"href":"https:\/\/prvimaj.hr\/index.php?rest_route=\/wp\/v2\/posts\/19098"}],"collection":[{"href":"https:\/\/prvimaj.hr\/index.php?rest_route=\/wp\/v2\/posts"}],"about":[{"href":"https:\/\/prvimaj.hr\/index.php?rest_route=\/wp\/v2\/types\/post"}],"author":[{"embeddable":true,"href":"https:\/\/prvimaj.hr\/index.php?rest_route=\/wp\/v2\/users\/3"}],"replies":[{"embeddable":true,"href":"https:\/\/prvimaj.hr\/index.php?rest_route=%2Fwp%2Fv2%2Fcomments&post=19098"}],"version-history":[{"count":2,"href":"https:\/\/prvimaj.hr\/index.php?rest_route=\/wp\/v2\/posts\/19098\/revisions"}],"predecessor-version":[{"id":19100,"href":"https:\/\/prvimaj.hr\/index.php?rest_route=\/wp\/v2\/posts\/19098\/revisions\/19100"}],"wp:featuredmedia":[{"embeddable":true,"href":"https:\/\/prvimaj.hr\/index.php?rest_route=\/wp\/v2\/media\/19095"}],"wp:attachment":[{"href":"https:\/\/prvimaj.hr\/index.php?rest_route=%2Fwp%2Fv2%2Fmedia&parent=19098"}],"wp:term":[{"taxonomy":"category","embeddable":true,"href":"https:\/\/prvimaj.hr\/index.php?rest_route=%2Fwp%2Fv2%2Fcategories&post=19098"},{"taxonomy":"post_tag","embeddable":true,"href":"https:\/\/prvimaj.hr\/index.php?rest_route=%2Fwp%2Fv2%2Ftags&post=19098"}],"curies":[{"name":"wp","href":"https:\/\/api.w.org\/{rel}","templated":true}]}}