{"id":19134,"date":"2023-04-22T06:43:12","date_gmt":"2023-04-22T05:43:12","guid":{"rendered":"https:\/\/prvimaj.hr\/?p=19134"},"modified":"2023-04-22T06:43:20","modified_gmt":"2023-04-22T05:43:20","slug":"rasim-ahmic","status":"publish","type":"post","link":"https:\/\/prvimaj.hr\/?p=19134","title":{"rendered":"Rasim Ahmi\u0107"},"content":{"rendered":"<p>S tugom u srcu javljamo svoj rodbini, prijateljima i znancima \u017ealosnu vijest da je na\u0161 rahmetli<\/p>\n<h2 style=\"text-align: center\"><em><strong>RASIM&nbsp; ( OSMANA )&nbsp; AHMI\u0106<\/strong><\/em><\/h2>\n<h3 style=\"text-align: center\"><em><strong>( iz Labina )<\/strong><\/em><\/h3>\n<p><!--more-->preselio na ahiret u petak 21.04.2023. godine u 73- oj godini \u017eivota. D\u017eenaza \u0107e se obaviti u subotu 22.04.2023. godine u 16,30 sati na mezarju Golo Brdo ( Miljanovci &#8211; Te\u0161anj ).<\/p>\n<p><em><strong>O\u017ealo\u0161\u0107eni:&nbsp;<\/strong><\/em>supruga MUNIRA, sinovi FAHIR i ZAHIR, k\u0107erke SABINA, MINA i SEDINA sa obiteljima, te ostala mnogobrojna rodbina, susjedi i prijatelji.<\/p>\n","protected":false},"excerpt":{"rendered":"<p>S tugom u srcu javljamo svoj rodbini, prijateljima i znancima \u017ealosnu vijest da je na\u0161 rahmetli RASIM&nbsp; ( OSMANA )&nbsp; AHMI\u0106 ( iz Labina )<\/p>\n","protected":false},"author":3,"featured_media":19135,"comment_status":"closed","ping_status":"closed","sticky":false,"template":"","format":"standard","meta":[],"categories":[3],"tags":[],"_links":{"self":[{"href":"https:\/\/prvimaj.hr\/index.php?rest_route=\/wp\/v2\/posts\/19134"}],"collection":[{"href":"https:\/\/prvimaj.hr\/index.php?rest_route=\/wp\/v2\/posts"}],"about":[{"href":"https:\/\/prvimaj.hr\/index.php?rest_route=\/wp\/v2\/types\/post"}],"author":[{"embeddable":true,"href":"https:\/\/prvimaj.hr\/index.php?rest_route=\/wp\/v2\/users\/3"}],"replies":[{"embeddable":true,"href":"https:\/\/prvimaj.hr\/index.php?rest_route=%2Fwp%2Fv2%2Fcomments&post=19134"}],"version-history":[{"count":2,"href":"https:\/\/prvimaj.hr\/index.php?rest_route=\/wp\/v2\/posts\/19134\/revisions"}],"predecessor-version":[{"id":19137,"href":"https:\/\/prvimaj.hr\/index.php?rest_route=\/wp\/v2\/posts\/19134\/revisions\/19137"}],"wp:featuredmedia":[{"embeddable":true,"href":"https:\/\/prvimaj.hr\/index.php?rest_route=\/wp\/v2\/media\/19135"}],"wp:attachment":[{"href":"https:\/\/prvimaj.hr\/index.php?rest_route=%2Fwp%2Fv2%2Fmedia&parent=19134"}],"wp:term":[{"taxonomy":"category","embeddable":true,"href":"https:\/\/prvimaj.hr\/index.php?rest_route=%2Fwp%2Fv2%2Fcategories&post=19134"},{"taxonomy":"post_tag","embeddable":true,"href":"https:\/\/prvimaj.hr\/index.php?rest_route=%2Fwp%2Fv2%2Ftags&post=19134"}],"curies":[{"name":"wp","href":"https:\/\/api.w.org\/{rel}","templated":true}]}}