{"id":19180,"date":"2023-04-26T13:30:04","date_gmt":"2023-04-26T12:30:04","guid":{"rendered":"https:\/\/prvimaj.hr\/?p=19180"},"modified":"2023-04-26T13:30:22","modified_gmt":"2023-04-26T12:30:22","slug":"elda-calovic","status":"publish","type":"post","link":"https:\/\/prvimaj.hr\/?p=19180","title":{"rendered":"Elda \u010calovi\u0107"},"content":{"rendered":"<p>S tugom u srcu javljamo rodbini, prijateljima i znancima da nas je u ponedjeljak 24.04.2023. godine u 83- oj godini \u017eivota napustila na\u0161a voljena<\/p>\n<h2 style=\"text-align: center\"><em><strong>ELDA&nbsp; &nbsp;\u010cALOVI\u0106<\/strong><\/em><\/h2>\n<h3 style=\"text-align: center\"><em><strong>( iz \u0160umbera )<\/strong><\/em><\/h3>\n<p><!--more-->Posljednji ispra\u0107aj na\u0161e voljene pokojnice biti \u0107e u \u010detvrtak 27.04.2023. godine u 15,00 sati iz Komemorativnog centra u \u0160umberu na mjesno groblje.<\/p>\n<p><em><strong>O\u017ealo\u0161\u0107eni:&nbsp;<\/strong><\/em>suprug VITORIO, k\u0107erka DIANA, sinovi ENIO i DORIJANO, zet DOUGLAS, nevjeste MICHELLE i ERIN, unuci ANTHONY, DOMINICK, BRITTANY, CHRISTIAN, SAMANTHA, KIERA, SHANE sestra ALBINA i brat ROMANO sa familijama, te ostala tuguju\u0107a rodbina.<\/p>\n","protected":false},"excerpt":{"rendered":"<p>S tugom u srcu javljamo rodbini, prijateljima i znancima da nas je u ponedjeljak 24.04.2023. godine u 83- oj godini \u017eivota napustila na\u0161a voljena ELDA&nbsp; &nbsp;\u010cALOVI\u0106 ( iz \u0160umbera )<\/p>\n","protected":false},"author":3,"featured_media":19181,"comment_status":"closed","ping_status":"closed","sticky":false,"template":"","format":"standard","meta":[],"categories":[3],"tags":[],"_links":{"self":[{"href":"https:\/\/prvimaj.hr\/index.php?rest_route=\/wp\/v2\/posts\/19180"}],"collection":[{"href":"https:\/\/prvimaj.hr\/index.php?rest_route=\/wp\/v2\/posts"}],"about":[{"href":"https:\/\/prvimaj.hr\/index.php?rest_route=\/wp\/v2\/types\/post"}],"author":[{"embeddable":true,"href":"https:\/\/prvimaj.hr\/index.php?rest_route=\/wp\/v2\/users\/3"}],"replies":[{"embeddable":true,"href":"https:\/\/prvimaj.hr\/index.php?rest_route=%2Fwp%2Fv2%2Fcomments&post=19180"}],"version-history":[{"count":2,"href":"https:\/\/prvimaj.hr\/index.php?rest_route=\/wp\/v2\/posts\/19180\/revisions"}],"predecessor-version":[{"id":19183,"href":"https:\/\/prvimaj.hr\/index.php?rest_route=\/wp\/v2\/posts\/19180\/revisions\/19183"}],"wp:featuredmedia":[{"embeddable":true,"href":"https:\/\/prvimaj.hr\/index.php?rest_route=\/wp\/v2\/media\/19181"}],"wp:attachment":[{"href":"https:\/\/prvimaj.hr\/index.php?rest_route=%2Fwp%2Fv2%2Fmedia&parent=19180"}],"wp:term":[{"taxonomy":"category","embeddable":true,"href":"https:\/\/prvimaj.hr\/index.php?rest_route=%2Fwp%2Fv2%2Fcategories&post=19180"},{"taxonomy":"post_tag","embeddable":true,"href":"https:\/\/prvimaj.hr\/index.php?rest_route=%2Fwp%2Fv2%2Ftags&post=19180"}],"curies":[{"name":"wp","href":"https:\/\/api.w.org\/{rel}","templated":true}]}}