{"id":19195,"date":"2023-04-27T11:38:23","date_gmt":"2023-04-27T10:38:23","guid":{"rendered":"https:\/\/prvimaj.hr\/?p=19195"},"modified":"2023-04-27T11:38:40","modified_gmt":"2023-04-27T10:38:40","slug":"frane-ivic","status":"publish","type":"post","link":"https:\/\/prvimaj.hr\/?p=19195","title":{"rendered":"Frane  Ivi\u0107"},"content":{"rendered":"<p>Dana, 25.04.2023. godine u 81. godini \u017eivota iznenada nas je napustio izniman \u010dovjek, dobar suprug, otac dida i svekar<\/p>\n<h2 style=\"text-align: center\"><strong><em>FRANE&nbsp; &nbsp;IVI\u0106<\/em><\/strong><\/h2>\n<h3 style=\"text-align: center\"><strong><em>( 1942 &#8211; 2023 )<\/em><\/strong><\/h3>\n<p><!--more--><\/p>\n<p>Oprostit \u0107emo se od njega u petak 28.04.2023. godine u 13,00 sati na gradskom groblju u Labinu.<\/p>\n<p><strong><em>O\u017ealo\u0161\u0107eni:&nbsp;<\/em><\/strong>supruga \u0160UMADINKA, k\u0107erka SANDRA i sin LUKA s obiteljima.<\/p>\n","protected":false},"excerpt":{"rendered":"<p>Dana, 25.04.2023. godine u 81. godini \u017eivota iznenada nas je napustio izniman \u010dovjek, dobar suprug, otac dida i svekar FRANE&nbsp; &nbsp;IVI\u0106 ( 1942 &#8211; 2023 )<\/p>\n","protected":false},"author":3,"featured_media":19194,"comment_status":"closed","ping_status":"closed","sticky":false,"template":"","format":"standard","meta":[],"categories":[3],"tags":[],"_links":{"self":[{"href":"https:\/\/prvimaj.hr\/index.php?rest_route=\/wp\/v2\/posts\/19195"}],"collection":[{"href":"https:\/\/prvimaj.hr\/index.php?rest_route=\/wp\/v2\/posts"}],"about":[{"href":"https:\/\/prvimaj.hr\/index.php?rest_route=\/wp\/v2\/types\/post"}],"author":[{"embeddable":true,"href":"https:\/\/prvimaj.hr\/index.php?rest_route=\/wp\/v2\/users\/3"}],"replies":[{"embeddable":true,"href":"https:\/\/prvimaj.hr\/index.php?rest_route=%2Fwp%2Fv2%2Fcomments&post=19195"}],"version-history":[{"count":2,"href":"https:\/\/prvimaj.hr\/index.php?rest_route=\/wp\/v2\/posts\/19195\/revisions"}],"predecessor-version":[{"id":19197,"href":"https:\/\/prvimaj.hr\/index.php?rest_route=\/wp\/v2\/posts\/19195\/revisions\/19197"}],"wp:featuredmedia":[{"embeddable":true,"href":"https:\/\/prvimaj.hr\/index.php?rest_route=\/wp\/v2\/media\/19194"}],"wp:attachment":[{"href":"https:\/\/prvimaj.hr\/index.php?rest_route=%2Fwp%2Fv2%2Fmedia&parent=19195"}],"wp:term":[{"taxonomy":"category","embeddable":true,"href":"https:\/\/prvimaj.hr\/index.php?rest_route=%2Fwp%2Fv2%2Fcategories&post=19195"},{"taxonomy":"post_tag","embeddable":true,"href":"https:\/\/prvimaj.hr\/index.php?rest_route=%2Fwp%2Fv2%2Ftags&post=19195"}],"curies":[{"name":"wp","href":"https:\/\/api.w.org\/{rel}","templated":true}]}}