{"id":19297,"date":"2023-05-05T12:01:16","date_gmt":"2023-05-05T11:01:16","guid":{"rendered":"https:\/\/prvimaj.hr\/?p=19297"},"modified":"2023-05-05T12:01:25","modified_gmt":"2023-05-05T11:01:25","slug":"lucija-lazaric","status":"publish","type":"post","link":"https:\/\/prvimaj.hr\/?p=19297","title":{"rendered":"Lucija Lazari\u0107"},"content":{"rendered":"<p>S tugom u srcu javljamo rodbini, prijateljima i znancima da nas je u \u010detvrtak 04.05.2023. godine u 96- oj godini \u017eivota napustila na\u0161a voljena<\/p>\n<h2 style=\"text-align: center\"><em><strong>LUCIJA&nbsp; &nbsp;LAZARI\u0106<\/strong><\/em><\/h2>\n<h3 style=\"text-align: center\"><em><strong>( ro\u0111. Glavi\u010di\u0107 iz Labina )<\/strong><\/em><\/h3>\n<p><!--more-->Posljednji ispra\u0107aj na\u0161e voljene pokojnice biti \u0107e u subotu 06.05.2023. godine u krugu obitelji iz Komemorativnog centra u Labinu na gradsko groblje.<\/p>\n<p><em><strong>Molimo za tihu su\u0107ut.<\/strong><\/em><\/p>\n<p><em><strong>O\u017ealo\u0161\u0107eni:&nbsp;<\/strong><\/em>k\u0107erke MILENA i NADIJA, zeti LU\u010cANO i TOMISLAV, nuki DEAN s KATJOM, \u0110ENI s XAVIEROM i FILIP s ANOM, pranuki ROCCO, TONI i RAFAEL, sestra NETA i brati MARIO i NINI s familijama, te ostala tuguju\u0107a rodbina.<\/p>\n","protected":false},"excerpt":{"rendered":"<p>S tugom u srcu javljamo rodbini, prijateljima i znancima da nas je u \u010detvrtak 04.05.2023. godine u 96- oj godini \u017eivota napustila na\u0161a voljena LUCIJA&nbsp; &nbsp;LAZARI\u0106 ( ro\u0111. Glavi\u010di\u0107 iz Labina )<\/p>\n","protected":false},"author":3,"featured_media":19298,"comment_status":"closed","ping_status":"closed","sticky":false,"template":"","format":"standard","meta":[],"categories":[3],"tags":[],"_links":{"self":[{"href":"https:\/\/prvimaj.hr\/index.php?rest_route=\/wp\/v2\/posts\/19297"}],"collection":[{"href":"https:\/\/prvimaj.hr\/index.php?rest_route=\/wp\/v2\/posts"}],"about":[{"href":"https:\/\/prvimaj.hr\/index.php?rest_route=\/wp\/v2\/types\/post"}],"author":[{"embeddable":true,"href":"https:\/\/prvimaj.hr\/index.php?rest_route=\/wp\/v2\/users\/3"}],"replies":[{"embeddable":true,"href":"https:\/\/prvimaj.hr\/index.php?rest_route=%2Fwp%2Fv2%2Fcomments&post=19297"}],"version-history":[{"count":2,"href":"https:\/\/prvimaj.hr\/index.php?rest_route=\/wp\/v2\/posts\/19297\/revisions"}],"predecessor-version":[{"id":19300,"href":"https:\/\/prvimaj.hr\/index.php?rest_route=\/wp\/v2\/posts\/19297\/revisions\/19300"}],"wp:featuredmedia":[{"embeddable":true,"href":"https:\/\/prvimaj.hr\/index.php?rest_route=\/wp\/v2\/media\/19298"}],"wp:attachment":[{"href":"https:\/\/prvimaj.hr\/index.php?rest_route=%2Fwp%2Fv2%2Fmedia&parent=19297"}],"wp:term":[{"taxonomy":"category","embeddable":true,"href":"https:\/\/prvimaj.hr\/index.php?rest_route=%2Fwp%2Fv2%2Fcategories&post=19297"},{"taxonomy":"post_tag","embeddable":true,"href":"https:\/\/prvimaj.hr\/index.php?rest_route=%2Fwp%2Fv2%2Ftags&post=19297"}],"curies":[{"name":"wp","href":"https:\/\/api.w.org\/{rel}","templated":true}]}}