{"id":19433,"date":"2023-05-24T09:23:00","date_gmt":"2023-05-24T08:23:00","guid":{"rendered":"https:\/\/prvimaj.hr\/?p=19433"},"modified":"2023-05-24T09:23:09","modified_gmt":"2023-05-24T08:23:09","slug":"dino-brencic","status":"publish","type":"post","link":"https:\/\/prvimaj.hr\/?p=19433","title":{"rendered":"\u0110ino Bren\u010di\u0107"},"content":{"rendered":"<p>S tugom u srcu javljamo rodbini, prijateljima i znancima da nas je u utorak 23.05.2023. godine u 88 &#8211; oj godini \u017eivota napustio na\u0161 voljeni<\/p>\n<h2 style=\"text-align: center\"><em><strong>\u0110INO&nbsp; BREN\u010cI\u0106<\/strong><\/em><\/h2>\n<h3 style=\"text-align: center\"><em><strong>( iz \u017dnjidari )<\/strong><\/em><\/h3>\n<p><!--more-->Posljednji ispra\u0107aj na\u0161eg voljenog pokojnika biti \u0107e u \u010detvrtak 25.05.2023. godine u krugu obitelji na mjesnom groblju u Sv. Martinu &#8211; Martinskom.<\/p>\n<p><em><strong>O\u017ealo\u0161\u0107eni:&nbsp;<\/strong><\/em>supruga ANA, sin DEAN, k\u0107erka SABINA, unuke KARLA i IVONA, sestre NADA i MILKA, te ostala tuguju\u0107a rodbina.<\/p>\n","protected":false},"excerpt":{"rendered":"<p>S tugom u srcu javljamo rodbini, prijateljima i znancima da nas je u utorak 23.05.2023. godine u 88 &#8211; oj godini \u017eivota napustio na\u0161 voljeni \u0110INO&nbsp; BREN\u010cI\u0106 ( iz \u017dnjidari )<\/p>\n","protected":false},"author":3,"featured_media":19434,"comment_status":"closed","ping_status":"closed","sticky":false,"template":"","format":"standard","meta":[],"categories":[3],"tags":[],"_links":{"self":[{"href":"https:\/\/prvimaj.hr\/index.php?rest_route=\/wp\/v2\/posts\/19433"}],"collection":[{"href":"https:\/\/prvimaj.hr\/index.php?rest_route=\/wp\/v2\/posts"}],"about":[{"href":"https:\/\/prvimaj.hr\/index.php?rest_route=\/wp\/v2\/types\/post"}],"author":[{"embeddable":true,"href":"https:\/\/prvimaj.hr\/index.php?rest_route=\/wp\/v2\/users\/3"}],"replies":[{"embeddable":true,"href":"https:\/\/prvimaj.hr\/index.php?rest_route=%2Fwp%2Fv2%2Fcomments&post=19433"}],"version-history":[{"count":2,"href":"https:\/\/prvimaj.hr\/index.php?rest_route=\/wp\/v2\/posts\/19433\/revisions"}],"predecessor-version":[{"id":19436,"href":"https:\/\/prvimaj.hr\/index.php?rest_route=\/wp\/v2\/posts\/19433\/revisions\/19436"}],"wp:featuredmedia":[{"embeddable":true,"href":"https:\/\/prvimaj.hr\/index.php?rest_route=\/wp\/v2\/media\/19434"}],"wp:attachment":[{"href":"https:\/\/prvimaj.hr\/index.php?rest_route=%2Fwp%2Fv2%2Fmedia&parent=19433"}],"wp:term":[{"taxonomy":"category","embeddable":true,"href":"https:\/\/prvimaj.hr\/index.php?rest_route=%2Fwp%2Fv2%2Fcategories&post=19433"},{"taxonomy":"post_tag","embeddable":true,"href":"https:\/\/prvimaj.hr\/index.php?rest_route=%2Fwp%2Fv2%2Ftags&post=19433"}],"curies":[{"name":"wp","href":"https:\/\/api.w.org\/{rel}","templated":true}]}}