{"id":19459,"date":"2023-05-27T10:36:17","date_gmt":"2023-05-27T09:36:17","guid":{"rendered":"https:\/\/prvimaj.hr\/?p=19459"},"modified":"2023-05-27T10:36:25","modified_gmt":"2023-05-27T09:36:25","slug":"marija-juricic-3","status":"publish","type":"post","link":"https:\/\/prvimaj.hr\/?p=19459","title":{"rendered":"Marija Juri\u010di\u0107"},"content":{"rendered":"<p>S tugom u srcu javljamo rodbini, prijateljima i znancima da nas je u subotu 27.05.2023. godine u 86- oj godini \u017eivota napustila na\u0161a voljena<\/p>\n<h2 style=\"text-align: center\"><em><strong>MARIJA&nbsp; &nbsp;JURI\u010cI\u0106<\/strong><\/em><\/h2>\n<h3 style=\"text-align: center\"><em><strong>( iz Labina )<\/strong><\/em><\/h3>\n<p><!--more-->Posljednji ispra\u0107aj na\u0161e voljene pokojnice biti \u0107e u ponedjeljak 29.05.2023. godine u krugu obitelji iz Komemorativnog centra u Labinu na gradsko groblje.<\/p>\n<p><em><strong>Molimo za tihu su\u0107ut.<\/strong><\/em><\/p>\n<p><em><strong>O\u017ealo\u0161\u0107eni:&nbsp;<\/strong><\/em>suprug BRUNO, sinovi FABRICIO i ANDREA, nevjesta SELIA, unuci ALEKS s NINOM i ROBERTA s MATEOM, sestre ONORINA i DANICA sa familijama, kunjade i kunjado, te ostala tuguju\u0107a rodbina.<\/p>\n","protected":false},"excerpt":{"rendered":"<p>S tugom u srcu javljamo rodbini, prijateljima i znancima da nas je u subotu 27.05.2023. godine u 86- oj godini \u017eivota napustila na\u0161a voljena MARIJA&nbsp; &nbsp;JURI\u010cI\u0106 ( iz Labina )<\/p>\n","protected":false},"author":3,"featured_media":19460,"comment_status":"closed","ping_status":"closed","sticky":false,"template":"","format":"standard","meta":[],"categories":[3],"tags":[],"_links":{"self":[{"href":"https:\/\/prvimaj.hr\/index.php?rest_route=\/wp\/v2\/posts\/19459"}],"collection":[{"href":"https:\/\/prvimaj.hr\/index.php?rest_route=\/wp\/v2\/posts"}],"about":[{"href":"https:\/\/prvimaj.hr\/index.php?rest_route=\/wp\/v2\/types\/post"}],"author":[{"embeddable":true,"href":"https:\/\/prvimaj.hr\/index.php?rest_route=\/wp\/v2\/users\/3"}],"replies":[{"embeddable":true,"href":"https:\/\/prvimaj.hr\/index.php?rest_route=%2Fwp%2Fv2%2Fcomments&post=19459"}],"version-history":[{"count":2,"href":"https:\/\/prvimaj.hr\/index.php?rest_route=\/wp\/v2\/posts\/19459\/revisions"}],"predecessor-version":[{"id":19462,"href":"https:\/\/prvimaj.hr\/index.php?rest_route=\/wp\/v2\/posts\/19459\/revisions\/19462"}],"wp:featuredmedia":[{"embeddable":true,"href":"https:\/\/prvimaj.hr\/index.php?rest_route=\/wp\/v2\/media\/19460"}],"wp:attachment":[{"href":"https:\/\/prvimaj.hr\/index.php?rest_route=%2Fwp%2Fv2%2Fmedia&parent=19459"}],"wp:term":[{"taxonomy":"category","embeddable":true,"href":"https:\/\/prvimaj.hr\/index.php?rest_route=%2Fwp%2Fv2%2Fcategories&post=19459"},{"taxonomy":"post_tag","embeddable":true,"href":"https:\/\/prvimaj.hr\/index.php?rest_route=%2Fwp%2Fv2%2Ftags&post=19459"}],"curies":[{"name":"wp","href":"https:\/\/api.w.org\/{rel}","templated":true}]}}