{"id":19511,"date":"2023-06-05T08:44:22","date_gmt":"2023-06-05T07:44:22","guid":{"rendered":"https:\/\/prvimaj.hr\/?p=19511"},"modified":"2023-06-05T08:44:31","modified_gmt":"2023-06-05T07:44:31","slug":"alemka-rocco","status":"publish","type":"post","link":"https:\/\/prvimaj.hr\/?p=19511","title":{"rendered":"Alemka Rocco"},"content":{"rendered":"<p>S tugom javljamo da nas je u subotu 03.06.2023. godine u 90. godini napustila na\u0161a voljena<\/p>\n<h2 style=\"text-align: center\"><em><strong>ALEMKA&nbsp; &nbsp;ROCCO<\/strong><\/em><\/h2>\n<h3 style=\"text-align: center\"><em><strong>( iz Rapca )<\/strong><\/em><\/h3>\n<p><!--more-->Posljednji ispra\u0107aj bit \u0107e u krugu obitelji i prijatelja iz Komemorativnog centra u Labinu na gradsko groblje.<\/p>\n<p><em><strong>O\u017ealo\u0161\u0107eni:&nbsp;<\/strong><\/em>sin NINO, nevjesta NEEL, unuci TEO i VITO, te ostala tuguju\u0107a rodbina<\/p>\n","protected":false},"excerpt":{"rendered":"<p>S tugom javljamo da nas je u subotu 03.06.2023. godine u 90. godini napustila na\u0161a voljena ALEMKA&nbsp; &nbsp;ROCCO ( iz Rapca )<\/p>\n","protected":false},"author":3,"featured_media":19512,"comment_status":"closed","ping_status":"closed","sticky":false,"template":"","format":"standard","meta":[],"categories":[3],"tags":[],"_links":{"self":[{"href":"https:\/\/prvimaj.hr\/index.php?rest_route=\/wp\/v2\/posts\/19511"}],"collection":[{"href":"https:\/\/prvimaj.hr\/index.php?rest_route=\/wp\/v2\/posts"}],"about":[{"href":"https:\/\/prvimaj.hr\/index.php?rest_route=\/wp\/v2\/types\/post"}],"author":[{"embeddable":true,"href":"https:\/\/prvimaj.hr\/index.php?rest_route=\/wp\/v2\/users\/3"}],"replies":[{"embeddable":true,"href":"https:\/\/prvimaj.hr\/index.php?rest_route=%2Fwp%2Fv2%2Fcomments&post=19511"}],"version-history":[{"count":2,"href":"https:\/\/prvimaj.hr\/index.php?rest_route=\/wp\/v2\/posts\/19511\/revisions"}],"predecessor-version":[{"id":19514,"href":"https:\/\/prvimaj.hr\/index.php?rest_route=\/wp\/v2\/posts\/19511\/revisions\/19514"}],"wp:featuredmedia":[{"embeddable":true,"href":"https:\/\/prvimaj.hr\/index.php?rest_route=\/wp\/v2\/media\/19512"}],"wp:attachment":[{"href":"https:\/\/prvimaj.hr\/index.php?rest_route=%2Fwp%2Fv2%2Fmedia&parent=19511"}],"wp:term":[{"taxonomy":"category","embeddable":true,"href":"https:\/\/prvimaj.hr\/index.php?rest_route=%2Fwp%2Fv2%2Fcategories&post=19511"},{"taxonomy":"post_tag","embeddable":true,"href":"https:\/\/prvimaj.hr\/index.php?rest_route=%2Fwp%2Fv2%2Ftags&post=19511"}],"curies":[{"name":"wp","href":"https:\/\/api.w.org\/{rel}","templated":true}]}}