{"id":19516,"date":"2023-06-05T11:00:22","date_gmt":"2023-06-05T10:00:22","guid":{"rendered":"https:\/\/prvimaj.hr\/?p=19516"},"modified":"2023-06-05T11:00:37","modified_gmt":"2023-06-05T10:00:37","slug":"nevijo-filipas","status":"publish","type":"post","link":"https:\/\/prvimaj.hr\/?p=19516","title":{"rendered":"Nevijo  Filipa\u0161"},"content":{"rendered":"<p>S tugom u srcu javljamo rodbini, prijateljima i znancima da nas je u ubotu 03.06.2023. godine u 65. godini \u017eivota napustio na\u0161 voljeni<\/p>\n<h2 style=\"text-align: center\"><strong><em>NEVIJO&nbsp; &nbsp; FILIPA\u0160<\/em><\/strong><\/h2>\n<h3 style=\"text-align: center\"><strong><em>( iz Ba\u0107i )<\/em><\/strong><\/h3>\n<p><!--more--><\/p>\n<p>Posljednji ispra\u0107aj na\u0161eg voljenog pokojnika biti \u0107e u utorak 06.06.2023. godine u 13,30 sati iz Komemorativnog centra u Plominu na mjesno groblje.<\/p>\n<p><strong>O\u017ealo\u0161\u0107eni:<\/strong> supruga ZLATA, sestra MARINA, \u0161ogor IVAN, ne\u0107aci \u017dELJKO i AN\u0110ELKA, te ostala tuguju\u0107a rodbina.<\/p>\n","protected":false},"excerpt":{"rendered":"<p>S tugom u srcu javljamo rodbini, prijateljima i znancima da nas je u ubotu 03.06.2023. godine u 65. godini \u017eivota napustio na\u0161 voljeni NEVIJO&nbsp; &nbsp; FILIPA\u0160 ( iz Ba\u0107i )<\/p>\n","protected":false},"author":3,"featured_media":19515,"comment_status":"closed","ping_status":"closed","sticky":false,"template":"","format":"standard","meta":[],"categories":[3],"tags":[],"_links":{"self":[{"href":"https:\/\/prvimaj.hr\/index.php?rest_route=\/wp\/v2\/posts\/19516"}],"collection":[{"href":"https:\/\/prvimaj.hr\/index.php?rest_route=\/wp\/v2\/posts"}],"about":[{"href":"https:\/\/prvimaj.hr\/index.php?rest_route=\/wp\/v2\/types\/post"}],"author":[{"embeddable":true,"href":"https:\/\/prvimaj.hr\/index.php?rest_route=\/wp\/v2\/users\/3"}],"replies":[{"embeddable":true,"href":"https:\/\/prvimaj.hr\/index.php?rest_route=%2Fwp%2Fv2%2Fcomments&post=19516"}],"version-history":[{"count":2,"href":"https:\/\/prvimaj.hr\/index.php?rest_route=\/wp\/v2\/posts\/19516\/revisions"}],"predecessor-version":[{"id":19518,"href":"https:\/\/prvimaj.hr\/index.php?rest_route=\/wp\/v2\/posts\/19516\/revisions\/19518"}],"wp:featuredmedia":[{"embeddable":true,"href":"https:\/\/prvimaj.hr\/index.php?rest_route=\/wp\/v2\/media\/19515"}],"wp:attachment":[{"href":"https:\/\/prvimaj.hr\/index.php?rest_route=%2Fwp%2Fv2%2Fmedia&parent=19516"}],"wp:term":[{"taxonomy":"category","embeddable":true,"href":"https:\/\/prvimaj.hr\/index.php?rest_route=%2Fwp%2Fv2%2Fcategories&post=19516"},{"taxonomy":"post_tag","embeddable":true,"href":"https:\/\/prvimaj.hr\/index.php?rest_route=%2Fwp%2Fv2%2Ftags&post=19516"}],"curies":[{"name":"wp","href":"https:\/\/api.w.org\/{rel}","templated":true}]}}