{"id":19527,"date":"2023-06-06T14:25:29","date_gmt":"2023-06-06T13:25:29","guid":{"rendered":"https:\/\/prvimaj.hr\/?p=19527"},"modified":"2023-06-06T14:25:44","modified_gmt":"2023-06-06T13:25:44","slug":"mladen-sandomenigo","status":"publish","type":"post","link":"https:\/\/prvimaj.hr\/?p=19527","title":{"rendered":"Mladen  Sandomenigo"},"content":{"rendered":"<p>S tugom u srcu javljamo rodbini, prijateljima i znancima da nas je u nedjelju 04.06.2023. godine u 64. godini \u017eivota napustio na\u0161 voljeni<\/p>\n<h2 style=\"text-align: center\"><strong><em>MLADEN&nbsp; &nbsp; &nbsp;SANDOMENIGO<\/em><\/strong><\/h2>\n<h3 style=\"text-align: center\"><strong><em>( iz Beneci )<\/em><\/strong><\/h3>\n<p><!--more--><\/p>\n<p>Posljednji ispra\u0107aj na\u0161eg voljenog pokojnika biti \u0107e u srijedu 07.06.2023. godine u 15,00 sati iz Komemorativnog centra u Sv.Martinu &#8211; Martinskom na mjesno groblje.<\/p>\n<p><em><strong>O\u017ealo\u0161\u0107eni:&nbsp;<\/strong><\/em>sestre SONJA, DINA, NERINA i DORJANA, kunjada ELZA, kunjadi KLAUDIO i RADENKO, ne\u0107ak ROBERT sa familijom, ne\u0107acii ne\u0107akinje sa familijama, te ostala tuguju\u0107a rodbina.<\/p>\n\n\n<p><\/p>\n","protected":false},"excerpt":{"rendered":"<p>S tugom u srcu javljamo rodbini, prijateljima i znancima da nas je u nedjelju 04.06.2023. godine u 64. godini \u017eivota napustio na\u0161 voljeni MLADEN&nbsp; &nbsp; &nbsp;SANDOMENIGO ( iz Beneci )<\/p>\n","protected":false},"author":3,"featured_media":19526,"comment_status":"closed","ping_status":"closed","sticky":false,"template":"","format":"standard","meta":[],"categories":[3],"tags":[],"_links":{"self":[{"href":"https:\/\/prvimaj.hr\/index.php?rest_route=\/wp\/v2\/posts\/19527"}],"collection":[{"href":"https:\/\/prvimaj.hr\/index.php?rest_route=\/wp\/v2\/posts"}],"about":[{"href":"https:\/\/prvimaj.hr\/index.php?rest_route=\/wp\/v2\/types\/post"}],"author":[{"embeddable":true,"href":"https:\/\/prvimaj.hr\/index.php?rest_route=\/wp\/v2\/users\/3"}],"replies":[{"embeddable":true,"href":"https:\/\/prvimaj.hr\/index.php?rest_route=%2Fwp%2Fv2%2Fcomments&post=19527"}],"version-history":[{"count":2,"href":"https:\/\/prvimaj.hr\/index.php?rest_route=\/wp\/v2\/posts\/19527\/revisions"}],"predecessor-version":[{"id":19529,"href":"https:\/\/prvimaj.hr\/index.php?rest_route=\/wp\/v2\/posts\/19527\/revisions\/19529"}],"wp:featuredmedia":[{"embeddable":true,"href":"https:\/\/prvimaj.hr\/index.php?rest_route=\/wp\/v2\/media\/19526"}],"wp:attachment":[{"href":"https:\/\/prvimaj.hr\/index.php?rest_route=%2Fwp%2Fv2%2Fmedia&parent=19527"}],"wp:term":[{"taxonomy":"category","embeddable":true,"href":"https:\/\/prvimaj.hr\/index.php?rest_route=%2Fwp%2Fv2%2Fcategories&post=19527"},{"taxonomy":"post_tag","embeddable":true,"href":"https:\/\/prvimaj.hr\/index.php?rest_route=%2Fwp%2Fv2%2Ftags&post=19527"}],"curies":[{"name":"wp","href":"https:\/\/api.w.org\/{rel}","templated":true}]}}