{"id":19548,"date":"2023-06-10T13:52:10","date_gmt":"2023-06-10T12:52:10","guid":{"rendered":"https:\/\/prvimaj.hr\/?p=19548"},"modified":"2023-06-10T13:52:22","modified_gmt":"2023-06-10T12:52:22","slug":"mario-diminic","status":"publish","type":"post","link":"https:\/\/prvimaj.hr\/?p=19548","title":{"rendered":"Mario Dimini\u0107"},"content":{"rendered":"<p>U dubokoj boli javljamo rodbini, prijateljima i znancima da nas je u srijedu 07.06.2023. godine u 63- oj godini \u017eivota napustio na\u0161 voljeni<\/p>\n<h2 style=\"text-align: center\"><em><strong>MARIO&nbsp; &nbsp;DIMINI\u0106<\/strong><\/em><\/h2>\n<h3 style=\"text-align: center\"><em><strong>( iz \u017dupani\u0107i )<\/strong><\/em><\/h3>\n<p><!--more-->Posljednji ispra\u0107aj na\u0161eg voljenog pokojnika biti \u0107e u ponedjeljak 12.06.2023. godine u 13,30 sati iz Komemorativnog centra u Sv. Martinu &#8211; Martinskom na mjesno groblje.<\/p>\n<p><em><strong>O\u017ealo\u0161\u0107eni:&nbsp;<\/strong><\/em>supruga LORETA, sin ADRIAN, mama EMA, sestra MARINELA i kunjado DAMIR s familijom, ta\u0161\u0107a ALBINA, BRUNO, te ostala tuguju\u0107a rodbina.<\/p>\n","protected":false},"excerpt":{"rendered":"<p>U dubokoj boli javljamo rodbini, prijateljima i znancima da nas je u srijedu 07.06.2023. godine u 63- oj godini \u017eivota napustio na\u0161 voljeni MARIO&nbsp; &nbsp;DIMINI\u0106 ( iz \u017dupani\u0107i )<\/p>\n","protected":false},"author":3,"featured_media":19549,"comment_status":"closed","ping_status":"closed","sticky":false,"template":"","format":"standard","meta":[],"categories":[3],"tags":[],"_links":{"self":[{"href":"https:\/\/prvimaj.hr\/index.php?rest_route=\/wp\/v2\/posts\/19548"}],"collection":[{"href":"https:\/\/prvimaj.hr\/index.php?rest_route=\/wp\/v2\/posts"}],"about":[{"href":"https:\/\/prvimaj.hr\/index.php?rest_route=\/wp\/v2\/types\/post"}],"author":[{"embeddable":true,"href":"https:\/\/prvimaj.hr\/index.php?rest_route=\/wp\/v2\/users\/3"}],"replies":[{"embeddable":true,"href":"https:\/\/prvimaj.hr\/index.php?rest_route=%2Fwp%2Fv2%2Fcomments&post=19548"}],"version-history":[{"count":2,"href":"https:\/\/prvimaj.hr\/index.php?rest_route=\/wp\/v2\/posts\/19548\/revisions"}],"predecessor-version":[{"id":19551,"href":"https:\/\/prvimaj.hr\/index.php?rest_route=\/wp\/v2\/posts\/19548\/revisions\/19551"}],"wp:featuredmedia":[{"embeddable":true,"href":"https:\/\/prvimaj.hr\/index.php?rest_route=\/wp\/v2\/media\/19549"}],"wp:attachment":[{"href":"https:\/\/prvimaj.hr\/index.php?rest_route=%2Fwp%2Fv2%2Fmedia&parent=19548"}],"wp:term":[{"taxonomy":"category","embeddable":true,"href":"https:\/\/prvimaj.hr\/index.php?rest_route=%2Fwp%2Fv2%2Fcategories&post=19548"},{"taxonomy":"post_tag","embeddable":true,"href":"https:\/\/prvimaj.hr\/index.php?rest_route=%2Fwp%2Fv2%2Ftags&post=19548"}],"curies":[{"name":"wp","href":"https:\/\/api.w.org\/{rel}","templated":true}]}}