{"id":19567,"date":"2023-06-12T10:59:08","date_gmt":"2023-06-12T09:59:08","guid":{"rendered":"https:\/\/prvimaj.hr\/?p=19567"},"modified":"2023-06-12T10:59:34","modified_gmt":"2023-06-12T09:59:34","slug":"marija-belusic","status":"publish","type":"post","link":"https:\/\/prvimaj.hr\/?p=19567","title":{"rendered":"Marija  Belu\u0161i\u0107"},"content":{"rendered":"<p>S tugom u srcu javljamo rodbini, prijateljima i znancima da nas je u utorak 06.06.2023. godine u 84. godini \u017eivota napustila na\u0161a voljena<\/p>\n<h2 style=\"text-align: center\"><strong><em>MARIJA&nbsp; &nbsp; &nbsp;BELU\u0160I\u0106<\/em><\/strong><\/h2>\n<h3 style=\"text-align: center\"><strong><em>( Marica )<\/em><\/strong><\/h3>\n<p><!--more--><\/p>\n<p>Posljednji ispra\u0107aj na\u0161e voljene pokojnice biti \u0107e u utorak 13.06.2023. godine u 15,00 sati iz Komemorativnog centra u Labinu na gradsko groblje.<\/p>\n<p><strong><em>Molimo da se umjesto cvije\u0107a uplate prilozi za udrugu &#8221; Krilo Labina &#8221; na ra\u010dun HR 9723800061548000272.<\/em><\/strong><\/p>\n<p><strong><em>O\u017ealo\u0161\u0107eni:<\/em>&nbsp;<\/strong>sin MARIJAN, nevjeste SONJA i DORIS, unuci TONI sa IVOM, SILVIO sa IVOM, ANDREINA, NORA, KIARA i VALENTINA, te ostala tuguju\u0107a rodbina.<\/p>\n\n\n<p><\/p>\n","protected":false},"excerpt":{"rendered":"<p>S tugom u srcu javljamo rodbini, prijateljima i znancima da nas je u utorak 06.06.2023. godine u 84. godini \u017eivota napustila na\u0161a voljena MARIJA&nbsp; &nbsp; &nbsp;BELU\u0160I\u0106 ( Marica )<\/p>\n","protected":false},"author":3,"featured_media":19566,"comment_status":"closed","ping_status":"closed","sticky":false,"template":"","format":"standard","meta":[],"categories":[3],"tags":[],"_links":{"self":[{"href":"https:\/\/prvimaj.hr\/index.php?rest_route=\/wp\/v2\/posts\/19567"}],"collection":[{"href":"https:\/\/prvimaj.hr\/index.php?rest_route=\/wp\/v2\/posts"}],"about":[{"href":"https:\/\/prvimaj.hr\/index.php?rest_route=\/wp\/v2\/types\/post"}],"author":[{"embeddable":true,"href":"https:\/\/prvimaj.hr\/index.php?rest_route=\/wp\/v2\/users\/3"}],"replies":[{"embeddable":true,"href":"https:\/\/prvimaj.hr\/index.php?rest_route=%2Fwp%2Fv2%2Fcomments&post=19567"}],"version-history":[{"count":2,"href":"https:\/\/prvimaj.hr\/index.php?rest_route=\/wp\/v2\/posts\/19567\/revisions"}],"predecessor-version":[{"id":19569,"href":"https:\/\/prvimaj.hr\/index.php?rest_route=\/wp\/v2\/posts\/19567\/revisions\/19569"}],"wp:featuredmedia":[{"embeddable":true,"href":"https:\/\/prvimaj.hr\/index.php?rest_route=\/wp\/v2\/media\/19566"}],"wp:attachment":[{"href":"https:\/\/prvimaj.hr\/index.php?rest_route=%2Fwp%2Fv2%2Fmedia&parent=19567"}],"wp:term":[{"taxonomy":"category","embeddable":true,"href":"https:\/\/prvimaj.hr\/index.php?rest_route=%2Fwp%2Fv2%2Fcategories&post=19567"},{"taxonomy":"post_tag","embeddable":true,"href":"https:\/\/prvimaj.hr\/index.php?rest_route=%2Fwp%2Fv2%2Ftags&post=19567"}],"curies":[{"name":"wp","href":"https:\/\/api.w.org\/{rel}","templated":true}]}}